{"id":65026,"date":"2025-07-08T16:43:48","date_gmt":"2025-07-08T20:43:48","guid":{"rendered":"https:\/\/inces.gob.ve\/?p=65026"},"modified":"2025-07-08T16:43:48","modified_gmt":"2025-07-08T20:43:48","slug":"yaracuy-emci-entrego-certificados-a-comunicadores-populares-y-alternativos","status":"publish","type":"post","link":"https:\/\/inces.gob.ve\/index.php\/2025\/07\/08\/yaracuy-emci-entrego-certificados-a-comunicadores-populares-y-alternativos\/","title":{"rendered":"YARACUY | EMCI entreg\u00f3 certificados a comunicadores populares y alternativos"},"content":{"rendered":"<p style=\"font-weight: 400; text-align: justify;\"><span style=\"font-family: helvetica, arial, sans-serif; font-size: 18px;\"><strong><em>** Tras la formaci\u00f3n conformaron colectivo comunicacional\u00a0\u00a0Ar\u00edstides Bastidas<\/em><\/strong><!--more--><\/span><\/p>\n<p>&nbsp;<\/p>\n<p style=\"font-weight: 400; text-align: justify;\"><span style=\"font-family: helvetica, arial, sans-serif; font-size: 18px;\"><strong>YOLAICE VARGAS<\/strong><\/span><\/p>\n<p style=\"font-weight: 400; text-align: justify;\"><span style=\"font-family: helvetica, arial, sans-serif; font-size: 18px;\">Comunicadores populares y alternativos recibieron certificaci\u00f3n de los talleres Introducci\u00f3n a la Locuci\u00f3n y Oratoria tras culminar capacitaci\u00f3n a trav\u00e9s de la Escuela de Medios y Comunicaci\u00f3n Inces (EMCI), regi\u00f3n Yaracuy.<\/span><\/p>\n<p>&nbsp;<\/p>\n<p><img loading=\"lazy\" decoding=\"async\" class=\"aligncenter wp-image-65027 size-full\" src=\"https:\/\/inces.gob.ve\/wp-content\/uploads\/2025\/07\/515311365_18090246982725909_377942827244926716_n-e1752007198415.jpg\" alt=\"\" width=\"800\" height=\"411\" \/><\/p>\n<p style=\"font-weight: 400; text-align: justify;\"><span style=\"font-family: helvetica, arial, sans-serif; font-size: 18px;\">La actividad tuvo lugar en la cancha techada \u00abMarisol Mujica\u00bb de la comunidad San Pablo, municipio Ar\u00edstides Bastidas, y cont\u00f3 con la presencia del gerente regional del Inces en Yaracuy, Dalvi Torrealba, la presidente de la C\u00e1mara Municipal, Nancy D\u00edaz; la jefe de\u00a0\u00a0comunidad centro 2, Aura Castillo, por mencionar algunas autoridades y representantes de la comunidad y de los espacios culturales de la jurisdicci\u00f3n.<\/span><\/p>\n<p>&nbsp;<\/p>\n<p><img loading=\"lazy\" decoding=\"async\" class=\"aligncenter wp-image-65029 size-full\" src=\"https:\/\/inces.gob.ve\/wp-content\/uploads\/2025\/07\/515132069_18090246970725909_4088429122295140047_n-e1752007249711.jpg\" alt=\"\" width=\"800\" height=\"419\" \/><\/p>\n<p style=\"font-weight: 400; text-align: justify;\"><span style=\"font-family: helvetica, arial, sans-serif; font-size: 18px;\">El acto de entrega de certificados estuvo dirigido por dos de los participantes de los talleres quienes demostraron el talento y el conocimiento obtenido durante la capacitaci\u00f3n, Norma Marchan y Benny Rojas, quienes fungieron como maestros de ceremonia<\/span><\/p>\n<p style=\"font-weight: 400; text-align: justify;\"><span style=\"font-family: helvetica, arial, sans-serif; font-size: 18px;\">Fueron 62 diplomas entregados a 31 comunicadores alternativos, quienes adem\u00e1s de capacitarse se unieron para crear un colectivo comunicacional, a fin de\u00a0\u00a0iniciar una serie de proyectos, no solo programas radiales, sino adem\u00e1s la activaci\u00f3n de una emisora ubicada en el municipio la cual est\u00e1 fuera del aire.<\/span><\/p>\n<p>&nbsp;<\/p>\n<p><img loading=\"lazy\" decoding=\"async\" class=\"aligncenter wp-image-65028 size-full\" src=\"https:\/\/inces.gob.ve\/wp-content\/uploads\/2025\/07\/515272656_18090247012725909_2594655484373139792_n-e1752007281122.jpg\" alt=\"\" width=\"800\" height=\"600\" \/><\/p>\n<p style=\"font-weight: 400; text-align: justify;\"><span style=\"font-family: helvetica, arial, sans-serif; font-size: 18px;\">El titular del Inces en Yaracuy, se\u00f1al\u00f3 que es satisfactorio ver c\u00f3mo se fusionan la experiencia y la juventud en el proyecto comunicacional que nace desde los espacios formativos de la EMCI, y los exhort\u00f3 a seguir capacit\u00e1ndose en todos los talleres que ofrece la instituci\u00f3n a fin de promover la comunicaci\u00f3n oportuna, veraz y con conciencia dentro de la comunidad.<\/span><\/p>\n<p>&nbsp;<\/p>\n<p><img loading=\"lazy\" decoding=\"async\" class=\"aligncenter wp-image-65030 size-full\" src=\"https:\/\/inces.gob.ve\/wp-content\/uploads\/2025\/07\/514908332_18090247030725909_3732014585550012285_n-e1752007372678.jpg\" alt=\"\" width=\"800\" height=\"637\" \/><\/p>\n<p style=\"font-weight: 400; text-align: justify;\"><span style=\"font-family: helvetica, arial, sans-serif; font-size: 18px;\">Cabe destacar que el acto de entrega de certificados cont\u00f3 adem\u00e1s con la participaci\u00f3n especial de ni\u00f1os del programa Cuenta Cuentos que adelanta la red de bibliotecas p\u00fablicas del estado, adscritos al Instituto de Cultura de la entidad (Icey), quienes deleitaron a los presentes con cuentos cargados de valores y ense\u00f1anzas que deben ser puestos en pr\u00e1cticas en el diario vivir.<\/span><\/p>\n","protected":false},"excerpt":{"rendered":"<p>** Tras la formaci\u00f3n conformaron colectivo comunicacional\u00a0\u00a0Ar\u00edstides Bastidas<\/p>\n","protected":false},"author":15,"featured_media":65031,"comment_status":"closed","ping_status":"closed","sticky":false,"template":"","format":"standard","meta":{"footnotes":""},"categories":[2],"tags":[],"class_list":["post-65026","post","type-post","status-publish","format-standard","has-post-thumbnail","hentry","category-blog"],"_links":{"self":[{"href":"https:\/\/inces.gob.ve\/index.php\/wp-json\/wp\/v2\/posts\/65026","targetHints":{"allow":["GET"]}}],"collection":[{"href":"https:\/\/inces.gob.ve\/index.php\/wp-json\/wp\/v2\/posts"}],"about":[{"href":"https:\/\/inces.gob.ve\/index.php\/wp-json\/wp\/v2\/types\/post"}],"author":[{"embeddable":true,"href":"https:\/\/inces.gob.ve\/index.php\/wp-json\/wp\/v2\/users\/15"}],"replies":[{"embeddable":true,"href":"https:\/\/inces.gob.ve\/index.php\/wp-json\/wp\/v2\/comments?post=65026"}],"version-history":[{"count":1,"href":"https:\/\/inces.gob.ve\/index.php\/wp-json\/wp\/v2\/posts\/65026\/revisions"}],"predecessor-version":[{"id":65032,"href":"https:\/\/inces.gob.ve\/index.php\/wp-json\/wp\/v2\/posts\/65026\/revisions\/65032"}],"wp:featuredmedia":[{"embeddable":true,"href":"https:\/\/inces.gob.ve\/index.php\/wp-json\/wp\/v2\/media\/65031"}],"wp:attachment":[{"href":"https:\/\/inces.gob.ve\/index.php\/wp-json\/wp\/v2\/media?parent=65026"}],"wp:term":[{"taxonomy":"category","embeddable":true,"href":"https:\/\/inces.gob.ve\/index.php\/wp-json\/wp\/v2\/categories?post=65026"},{"taxonomy":"post_tag","embeddable":true,"href":"https:\/\/inces.gob.ve\/index.php\/wp-json\/wp\/v2\/tags?post=65026"}],"curies":[{"name":"wp","href":"https:\/\/api.w.org\/{rel}","templated":true}]}}