{"id":65060,"date":"2025-07-09T16:30:16","date_gmt":"2025-07-09T20:30:16","guid":{"rendered":"https:\/\/inces.gob.ve\/?p=65060"},"modified":"2025-07-09T16:31:56","modified_gmt":"2025-07-09T20:31:56","slug":"barinas-con-formacion-manicura-inicia-perfil-productivo-manicurista-pedicurista","status":"publish","type":"post","link":"https:\/\/inces.gob.ve\/index.php\/2025\/07\/09\/barinas-con-formacion-manicura-inicia-perfil-productivo-manicurista-pedicurista\/","title":{"rendered":"BARINAS |Con formaci\u00f3n Manicura inicia perfil productivo Manicurista\/pedicurista"},"content":{"rendered":"<p style=\"font-weight: 400; text-align: justify;\"><span style=\"font-family: helvetica, arial, sans-serif; font-size: 18px;\"><em><strong>** La belleza y cuidado de las manos y u\u00f1as como una forma de independencia econ\u00f3mica<\/strong><\/em><!--more--><\/span><\/p>\n<p style=\"font-weight: 400; text-align: justify;\"><span style=\"font-family: helvetica, arial, sans-serif; font-size: 18px;\">HIRASYANEL BAYONA<\/span><\/p>\n<p style=\"font-weight: 400; text-align: justify;\"><span style=\"font-family: helvetica, arial, sans-serif; font-size: 18px;\">Un grupo de mujeres de diversas localidades de la ciudad se dieron cita para iniciar la formaci\u00f3n Manicura, parte del perfil productivo Manicurista\/pedicurista, con el acompa\u00f1amiento y la gu\u00eda de Yelineth Hern\u00e1ndez, maestra t\u00e9cnica productiva del centro de formaci\u00f3n socialista Francisco de Miranda.<\/span><\/p>\n<p><img loading=\"lazy\" decoding=\"async\" class=\"aligncenter wp-image-65063 \" src=\"https:\/\/inces.gob.ve\/wp-content\/uploads\/2025\/07\/1751911365380-e1752092923663.jpg\" alt=\"\" width=\"731\" height=\"501\" \/><\/p>\n<p style=\"font-weight: 400; text-align: justify;\"><span style=\"font-family: helvetica, arial, sans-serif; font-size: 18px;\">El perfil productivo contempla varias unidades curriculares (formaciones) entre las que est\u00e1n Manicura, Pedicura, Sistema B\u00e1sico de Acr\u00edlico, Seguridad y Salud Laboral, Comunicaci\u00f3n Oral y Escrita y Proyecto \u00c9tico de Vida, mismas que brindar\u00e1n a las participantes una formaci\u00f3n integral y completa para formarse como Manicurista\/pedicurista.<\/span><\/p>\n<p style=\"font-weight: 400; text-align: justify;\"><span style=\"font-family: helvetica, arial, sans-serif; font-size: 18px;\">Hern\u00e1ndez explic\u00f3 que actualmente est\u00e1n iniciando con la unidad curricular Manicura, en donde explorar\u00e1n desde los aspectos b\u00e1sicos iniciando con el estudio de las u\u00f1as, productos y herramientas, limpieza de las u\u00f1as y esmaltado, unidad curricular que les brindara toda la formaci\u00f3n te\u00f3rico\/practica para diferenciar distintas afecciones de las u\u00f1as, realizar manicura tradicional, express y rusa, conocer los productos y herramientas utilizadas, al igual que los procesos correctos para su desinfecci\u00f3n, limpieza y esterilizaci\u00f3n.<\/span><\/p>\n<p>&nbsp;<\/p>\n<p style=\"font-weight: 400; text-align: justify;\"><img loading=\"lazy\" decoding=\"async\" class=\"aligncenter wp-image-65061 \" src=\"https:\/\/inces.gob.ve\/wp-content\/uploads\/2025\/07\/1751911400153-e1752092945865.jpg\" alt=\"\" width=\"671\" height=\"655\" \/><\/p>\n<p style=\"font-weight: 400; text-align: justify;\"><span style=\"font-family: helvetica, arial, sans-serif; font-size: 18px;\">Hern\u00e1ndez tambi\u00e9n comparti\u00f3 que trabajaran con los procedimientos para la extracci\u00f3n de cut\u00edcula, blanqueamiento de las u\u00f1as, limado, exfoliaci\u00f3n y masajes de las manos, dedos y u\u00f1as para propiciar un mejor y m\u00e1s sano crecimiento al igual que el cuidado de la piel, culminando con las t\u00e9cnicas y procedimientos para realizar un esmaltado b\u00e1sico, semipermanente o con pinceladas, todo esto solo en la unidad curricular Manicura.<\/span><\/p>\n<p style=\"font-weight: 400; text-align: justify;\"><span style=\"font-family: helvetica, arial, sans-serif; font-size: 18px;\">Posteriormente se ir\u00e1n desarrollando el resto de unidades curriculares para completar el perfil productivo y contar\u00e1n las participantes con todas las capacidades t\u00e9cnicas para consagrarse como Manicurista\/pedicurista, perfil que a su vez les brindara la oportunidad de independizarse econ\u00f3micamente y ajustar su tiempo y lugar de trabajo adecu\u00e1ndose a sus necesidades.\u00a0<\/span><\/p>\n","protected":false},"excerpt":{"rendered":"<p>** La belleza y cuidado de las manos y u\u00f1as como una forma de independencia econ\u00f3mica<\/p>\n","protected":false},"author":15,"featured_media":65062,"comment_status":"closed","ping_status":"closed","sticky":false,"template":"","format":"standard","meta":{"footnotes":""},"categories":[2],"tags":[],"class_list":["post-65060","post","type-post","status-publish","format-standard","has-post-thumbnail","hentry","category-blog"],"_links":{"self":[{"href":"https:\/\/inces.gob.ve\/index.php\/wp-json\/wp\/v2\/posts\/65060","targetHints":{"allow":["GET"]}}],"collection":[{"href":"https:\/\/inces.gob.ve\/index.php\/wp-json\/wp\/v2\/posts"}],"about":[{"href":"https:\/\/inces.gob.ve\/index.php\/wp-json\/wp\/v2\/types\/post"}],"author":[{"embeddable":true,"href":"https:\/\/inces.gob.ve\/index.php\/wp-json\/wp\/v2\/users\/15"}],"replies":[{"embeddable":true,"href":"https:\/\/inces.gob.ve\/index.php\/wp-json\/wp\/v2\/comments?post=65060"}],"version-history":[{"count":2,"href":"https:\/\/inces.gob.ve\/index.php\/wp-json\/wp\/v2\/posts\/65060\/revisions"}],"predecessor-version":[{"id":65065,"href":"https:\/\/inces.gob.ve\/index.php\/wp-json\/wp\/v2\/posts\/65060\/revisions\/65065"}],"wp:featuredmedia":[{"embeddable":true,"href":"https:\/\/inces.gob.ve\/index.php\/wp-json\/wp\/v2\/media\/65062"}],"wp:attachment":[{"href":"https:\/\/inces.gob.ve\/index.php\/wp-json\/wp\/v2\/media?parent=65060"}],"wp:term":[{"taxonomy":"category","embeddable":true,"href":"https:\/\/inces.gob.ve\/index.php\/wp-json\/wp\/v2\/categories?post=65060"},{"taxonomy":"post_tag","embeddable":true,"href":"https:\/\/inces.gob.ve\/index.php\/wp-json\/wp\/v2\/tags?post=65060"}],"curies":[{"name":"wp","href":"https:\/\/api.w.org\/{rel}","templated":true}]}}