{"id":65076,"date":"2025-06-10T17:11:24","date_gmt":"2025-06-10T21:11:24","guid":{"rendered":"https:\/\/inces.gob.ve\/?p=65076"},"modified":"2025-07-09T17:12:24","modified_gmt":"2025-07-09T21:12:24","slug":"falcon-aprendices-en-punto-fijo-protagonizan-actividad-con-conciencia-ambiental","status":"publish","type":"post","link":"https:\/\/inces.gob.ve\/index.php\/2025\/06\/10\/falcon-aprendices-en-punto-fijo-protagonizan-actividad-con-conciencia-ambiental\/","title":{"rendered":"FALC\u00d3N | Aprendices en Punto Fijo protagonizan actividad con conciencia ambiental"},"content":{"rendered":"<p style=\"text-align: justify;\" align=\"center\"><em><strong><span style=\"font-family: helvetica, arial, sans-serif; font-size: 18px;\">**Aplicaron las\u00a03R: Reducir, Reutilizar y Reciclar, acciones que contribuyen a minimizar el impacto ambiental de las actividades humanas<\/span><\/strong><\/em><!--more--><\/p>\n<p align=\"center\">\n<p align=\"center\">\n<p style=\"text-align: justify;\" align=\"center\">\n<p style=\"text-align: justify;\" align=\"justify\"><span style=\"font-family: helvetica, arial, sans-serif; font-size: 18px;\"><b>MIRIAM GONZ\u00c1LEZ VILLARROEL<\/b><\/span><\/p>\n<p style=\"text-align: justify;\" align=\"justify\"><span style=\"font-family: helvetica, arial, sans-serif; font-size: 18px;\">Como parte de las actividades para celebrar el 60 Aniversario del Programa Nacional de Aprendizaje (PNA) del Instituto Nacional de Capacitaci\u00f3n y Educaci\u00f3n Socialista (Inces) en Punto Fijo, 11 aprendices de la ocupaci\u00f3n cualificada: Recreador, demostraron compromiso con el ambiente al culminar la unidad curricular: Gesti\u00f3n y Protecci\u00f3n Ambiental.<\/span><\/p>\n<p style=\"text-align: justify;\" align=\"justify\">\n<p style=\"text-align: justify;\" align=\"justify\"><span style=\"font-family: helvetica, arial, sans-serif; font-size: 18px;\">El grupo de 11 j\u00f3venes, futuros recreadores contratados por la empresa AC Centro C\u00edvico Card\u00f3n, organizaron una jornada especial en el Centro de Formaci\u00f3n Socialista (CFS) \u201cJosefa Camejo\u201d, aplicando de manera creativa las\u00a0<strong>3R: Reducir, Reutilizar y Reciclar, realizando obsequios con material de provecho, transformando, lo que podr\u00eda ser desechos en hermosos presentes que obsequiaron a las madres del centro y de las comunidades del punto y circulo.<\/strong><\/span><\/p>\n<p style=\"text-align: justify;\" align=\"justify\">\n<p style=\"text-align: justify;\" align=\"justify\"><span style=\"font-family: helvetica, arial, sans-serif; font-size: 18px;\">La jornada que estuvo marcada por la innovaci\u00f3n ambiental, tambi\u00e9n, cont\u00f3 con actividades culturales que incluyeron cantos y bailes, para homenajear a las madres invitadas.<\/span><\/p>\n<p style=\"text-align: justify;\" align=\"justify\">\n<p style=\"text-align: justify;\" align=\"justify\"><span style=\"font-family: helvetica, arial, sans-serif; font-size: 18px;\">En este contexto, la actividad cont\u00f3 con la presencia de la gerente regional, Eneyda Mart\u00ednez Rodr\u00edguez; la coordinadora del PNA, Mariner Mavo; las jefes de los CFS \u201cAli Primera\u201d y \u201cJosefa Camejo\u201d, Elis Colina y \u00c1ngela D\u00edaz, respectivamente y las maestras t\u00e9cnicos productivas (MTP), quienes resaltaron la trascendencia de este programa y el importante papel que tiene en el desarrollo de los j\u00f3venes de la regi\u00f3n a trav\u00e9s de la formaci\u00f3n t\u00e9cnica profesional.<\/span><\/p>\n<p style=\"text-align: justify;\" align=\"justify\">\n<p style=\"text-align: justify;\" align=\"justify\"><span style=\"font-family: helvetica, arial, sans-serif; font-size: 18px;\">Expresaron, este evento, puso de manifiesto el impacto positivo del PNA del Inces, al contribuir en la concienciaci\u00f3n ambiental y la formaci\u00f3n integral de los aprendices, prepar\u00e1ndolos para el \u00e1mbito laboral y como ciudadanos comprometidos con el futuro.<\/span><\/p>\n","protected":false},"excerpt":{"rendered":"<p>**Aplicaron las\u00a03R: Reducir, Reutilizar y Reciclar, acciones que contribuyen a minimizar el impacto ambiental de las actividades humanas<\/p>\n","protected":false},"author":4,"featured_media":65077,"comment_status":"closed","ping_status":"closed","sticky":false,"template":"","format":"standard","meta":{"footnotes":""},"categories":[2],"tags":[],"class_list":["post-65076","post","type-post","status-publish","format-standard","has-post-thumbnail","hentry","category-blog"],"_links":{"self":[{"href":"https:\/\/inces.gob.ve\/index.php\/wp-json\/wp\/v2\/posts\/65076","targetHints":{"allow":["GET"]}}],"collection":[{"href":"https:\/\/inces.gob.ve\/index.php\/wp-json\/wp\/v2\/posts"}],"about":[{"href":"https:\/\/inces.gob.ve\/index.php\/wp-json\/wp\/v2\/types\/post"}],"author":[{"embeddable":true,"href":"https:\/\/inces.gob.ve\/index.php\/wp-json\/wp\/v2\/users\/4"}],"replies":[{"embeddable":true,"href":"https:\/\/inces.gob.ve\/index.php\/wp-json\/wp\/v2\/comments?post=65076"}],"version-history":[{"count":1,"href":"https:\/\/inces.gob.ve\/index.php\/wp-json\/wp\/v2\/posts\/65076\/revisions"}],"predecessor-version":[{"id":65078,"href":"https:\/\/inces.gob.ve\/index.php\/wp-json\/wp\/v2\/posts\/65076\/revisions\/65078"}],"wp:featuredmedia":[{"embeddable":true,"href":"https:\/\/inces.gob.ve\/index.php\/wp-json\/wp\/v2\/media\/65077"}],"wp:attachment":[{"href":"https:\/\/inces.gob.ve\/index.php\/wp-json\/wp\/v2\/media?parent=65076"}],"wp:term":[{"taxonomy":"category","embeddable":true,"href":"https:\/\/inces.gob.ve\/index.php\/wp-json\/wp\/v2\/categories?post=65076"},{"taxonomy":"post_tag","embeddable":true,"href":"https:\/\/inces.gob.ve\/index.php\/wp-json\/wp\/v2\/tags?post=65076"}],"curies":[{"name":"wp","href":"https:\/\/api.w.org\/{rel}","templated":true}]}}