{"id":65168,"date":"2025-07-14T11:28:14","date_gmt":"2025-07-14T15:28:14","guid":{"rendered":"https:\/\/inces.gob.ve\/?p=65168"},"modified":"2025-07-14T11:28:27","modified_gmt":"2025-07-14T15:28:27","slug":"falcon-inicio-ciclo-de-encuentros-inces-comuna-joven","status":"publish","type":"post","link":"https:\/\/inces.gob.ve\/index.php\/2025\/07\/14\/falcon-inicio-ciclo-de-encuentros-inces-comuna-joven\/","title":{"rendered":"FALC\u00d3N | Inici\u00f3 ciclo de encuentros Inces Comuna Joven"},"content":{"rendered":"<div class=\"gmail_quote\">\n<div dir=\"ltr\">\n<div dir=\"auto\">\n<div dir=\"auto\">\n<div dir=\"auto\" style=\"text-align: justify;\"><span style=\"font-family: helvetica, arial, sans-serif; font-size: 18px;\"><strong><em>**Dando cumplimiento al primer v\u00e9rtice de la Gran Misi\u00f3n Venezuela Joven\u00a0<\/em><\/strong><\/span><\/div>\n<\/div>\n<\/div>\n<\/div>\n<\/div>\n<p style=\"text-align: justify;\"><span style=\"font-family: helvetica, arial, sans-serif; font-size: 18px;\"><!--more--><\/span><\/p>\n<div dir=\"auto\" style=\"text-align: justify;\"><\/div>\n<div dir=\"auto\" style=\"text-align: justify;\"><\/div>\n<div dir=\"auto\" style=\"text-align: justify;\"><span style=\"font-size: 18px; font-family: helvetica, arial, sans-serif;\">MIRIAM GONZ\u00c1LEZ VILLARROEL<\/span><\/div>\n<div class=\"gmail_quote\">\n<div dir=\"ltr\">\n<div dir=\"auto\">\n<div dir=\"auto\">\n<div dir=\"auto\" style=\"text-align: justify;\"><span style=\"font-size: 18px; font-family: helvetica, arial, sans-serif;\">En el Centro de Formaci\u00f3n Socialista (CFS) Josefa Camejo del Inces, en la ciudad de Punto Fijo, se realiz\u00f3 una jornada productiva que congreg\u00f3 a m\u00e1s de treinta j\u00f3venes integrantes del Movimiento Juventud Productiva Inces, que participaron en el conversatorio \u00abInces Comuna Joven\u00bb, dando cumplimiento al primer v\u00e9rtice de la Gran Misi\u00f3n Venezuela Joven, el cual se centra en Educaci\u00f3n, Ciencia y Tecnolog\u00eda, con el lema \u00abVamos a aprender\u00bb.\u00a0<\/span><\/div>\n<div dir=\"auto\" style=\"text-align: justify;\"><span style=\"font-size: 18px; font-family: helvetica, arial, sans-serif;\">\u00a0<\/span><\/div>\n<div dir=\"auto\" style=\"text-align: justify;\"><span style=\"font-size: 18px; font-family: helvetica, arial, sans-serif;\">Este primer encuentro estuvo dirigido por Mauricio Molina, responsable estadal del 1er V\u00e9rtice y cont\u00f3 con la colaboraci\u00f3n de Deiber Andrade, coordinador del Movimiento Juventud Productiva Inces.<\/span><\/div>\n<div dir=\"auto\" style=\"text-align: justify;\"><span style=\"font-size: 18px; font-family: helvetica, arial, sans-serif;\">\u00a0<\/span><\/div>\n<div dir=\"auto\" style=\"text-align: justify;\"><span style=\"font-size: 18px; font-family: helvetica, arial, sans-serif;\">Molina ofreci\u00f3 una presentaci\u00f3n que logr\u00f3 integrar a los presentes en el tema de la comuna joven, cuya iniciativa busca fortalecer la participaci\u00f3n de la juventud en el desarrollo productivo y social de sus comunidades, en l\u00ednea con los objetivos de formaci\u00f3n y capacitaci\u00f3n que promueve el Inces y est\u00e1n vinculados al trabajo comunal.<\/span><\/div>\n<div dir=\"auto\" style=\"text-align: justify;\"><span style=\"font-size: 18px; font-family: helvetica, arial, sans-serif;\">\u00a0<\/span><\/div>\n<div dir=\"auto\" style=\"text-align: justify;\"><span style=\"font-size: 18px; font-family: helvetica, arial, sans-serif;\">Este tipo de actividades forman parte de un ciclo de encuentros con la Juventud del Partido y del Movimiento Juventud Productiva Inces, con el prop\u00f3sito de reforzar el compromiso del Inces con los j\u00f3venes del pa\u00eds y de la regi\u00f3n, brindando herramientas y conocimientos para su inserci\u00f3n activa en la econom\u00eda productiva del pa\u00eds y el fortalecimiento de las estructuras comunales de cara a la Consulta Nacional Comunal de la Juventud el pr\u00f3ximo 27 de julio, partiendo de la importancia de la comuna como nuevo m\u00e9todo de hacer pol\u00edtica.<\/span><\/div>\n<\/div>\n<\/div>\n<\/div>\n<\/div>\n<p>&nbsp;<\/p>\n","protected":false},"excerpt":{"rendered":"<p>**Dando cumplimiento al primer v\u00e9rtice de la Gran Misi\u00f3n Venezuela Joven\u00a0<\/p>\n","protected":false},"author":15,"featured_media":64821,"comment_status":"closed","ping_status":"closed","sticky":false,"template":"","format":"standard","meta":{"footnotes":""},"categories":[2],"tags":[],"class_list":["post-65168","post","type-post","status-publish","format-standard","has-post-thumbnail","hentry","category-blog"],"_links":{"self":[{"href":"https:\/\/inces.gob.ve\/index.php\/wp-json\/wp\/v2\/posts\/65168","targetHints":{"allow":["GET"]}}],"collection":[{"href":"https:\/\/inces.gob.ve\/index.php\/wp-json\/wp\/v2\/posts"}],"about":[{"href":"https:\/\/inces.gob.ve\/index.php\/wp-json\/wp\/v2\/types\/post"}],"author":[{"embeddable":true,"href":"https:\/\/inces.gob.ve\/index.php\/wp-json\/wp\/v2\/users\/15"}],"replies":[{"embeddable":true,"href":"https:\/\/inces.gob.ve\/index.php\/wp-json\/wp\/v2\/comments?post=65168"}],"version-history":[{"count":1,"href":"https:\/\/inces.gob.ve\/index.php\/wp-json\/wp\/v2\/posts\/65168\/revisions"}],"predecessor-version":[{"id":65169,"href":"https:\/\/inces.gob.ve\/index.php\/wp-json\/wp\/v2\/posts\/65168\/revisions\/65169"}],"wp:featuredmedia":[{"embeddable":true,"href":"https:\/\/inces.gob.ve\/index.php\/wp-json\/wp\/v2\/media\/64821"}],"wp:attachment":[{"href":"https:\/\/inces.gob.ve\/index.php\/wp-json\/wp\/v2\/media?parent=65168"}],"wp:term":[{"taxonomy":"category","embeddable":true,"href":"https:\/\/inces.gob.ve\/index.php\/wp-json\/wp\/v2\/categories?post=65168"},{"taxonomy":"post_tag","embeddable":true,"href":"https:\/\/inces.gob.ve\/index.php\/wp-json\/wp\/v2\/tags?post=65168"}],"curies":[{"name":"wp","href":"https:\/\/api.w.org\/{rel}","templated":true}]}}