{"id":65192,"date":"2025-07-15T15:01:51","date_gmt":"2025-07-15T19:01:51","guid":{"rendered":"https:\/\/inces.gob.ve\/?p=65192"},"modified":"2025-07-15T15:06:49","modified_gmt":"2025-07-15T19:06:49","slug":"amazonas-bachillerato-productivo-realizo-presentacion-de-experiencias-significativas","status":"publish","type":"post","link":"https:\/\/inces.gob.ve\/index.php\/2025\/07\/15\/amazonas-bachillerato-productivo-realizo-presentacion-de-experiencias-significativas\/","title":{"rendered":"AMAZONAS | Bachillerato Productivo realizo presentaci\u00f3n de experiencias significativas"},"content":{"rendered":"<p style=\"font-weight: 400; text-align: justify;\"><span style=\"font-family: helvetica, arial, sans-serif; font-size: 18px;\"><em><strong>** Los estudiantes presentaron una variedad de proyectos y trabajos pr\u00e1cticos desarrollados durante sus estudios<\/strong><\/em><!--more--><\/span><\/p>\n<p>&nbsp;<\/p>\n<p style=\"font-weight: 400; text-align: justify;\"><span style=\"font-family: helvetica, arial, sans-serif; font-size: 18px;\">En una actividad donde se encuentran lo educativo y cultural, el Instituto Nacional de Capacitaci\u00f3n y Educaci\u00f3n Socialista (Inces) llev\u00f3 a cabo la presentaci\u00f3n de experiencias significativas del Programa Bachillerato Productivo, donde participaron estudiantes desde el 1er hasta el 6to periodo acad\u00e9mico.<\/span><\/p>\n<p>&nbsp;<\/p>\n<p><img loading=\"lazy\" decoding=\"async\" class=\"aligncenter wp-image-65196 size-full\" src=\"https:\/\/inces.gob.ve\/wp-content\/uploads\/2025\/07\/photo_2025-07-04_15-02-09-e1752605655504.jpg\" alt=\"\" width=\"800\" height=\"479\" \/><\/p>\n<p style=\"font-weight: 400; text-align: justify;\"><span style=\"font-family: helvetica, arial, sans-serif; font-size: 18px;\">Esta jornada, realizada en el Centro de Formaci\u00f3n Socialista (CFS) Casique Aramare, sede regional del Inces Amazonas, reuni\u00f3 a todos los facilitadores del programa, a la directora Ana Tovar, a estudiantes de todos los niveles y a destacadas autoridades institucionales. Las palabras de apertura estuvieron a cargo del Gerente Regional de Inces Amazonas, Tom\u00e1s Vivas, quien hizo \u00e9nfasis en el valor humano y productivo de la formaci\u00f3n que ofrece el Inces.<\/span><\/p>\n<p>&nbsp;<\/p>\n<p style=\"font-weight: 400; text-align: justify;\"><img loading=\"lazy\" decoding=\"async\" class=\"aligncenter wp-image-65198 size-full\" src=\"https:\/\/inces.gob.ve\/wp-content\/uploads\/2025\/07\/photo_2025-07-04_15-01-57-e1752606066477.jpg\" alt=\"\" width=\"800\" height=\"550\" \/><\/p>\n<p style=\"font-weight: 400; text-align: justify;\"><span style=\"font-family: helvetica, arial, sans-serif; font-size: 18px;\">\u201cEste programa refleja lo que somos capaces de construir cuando combinamos educaci\u00f3n con sentido social. Aqu\u00ed no s\u00f3lo formamos bachilleres, formamos l\u00edderes, so\u00f1adores y productores, Cada experiencia compartida hoy es una muestra de que el conocimiento tiene rostro, tiene voz, tiene comunidad. Esto es el Inces: una educaci\u00f3n que nace del pueblo\u201d, expres\u00f3 Vivas con firmeza y emoci\u00f3n.<\/span><\/p>\n<p><img loading=\"lazy\" decoding=\"async\" class=\"aligncenter wp-image-65193 size-full\" src=\"https:\/\/inces.gob.ve\/wp-content\/uploads\/2025\/07\/photo_2025-07-04_15-08-19-e1752606347439.jpg\" alt=\"\" width=\"800\" height=\"443\" \/><\/p>\n<p>&nbsp;<\/p>\n<p style=\"font-weight: 400; text-align: justify;\"><span style=\"font-family: helvetica, arial, sans-serif; font-size: 18px;\">Durante las actividades, los estudiantes presentaron una variedad de proyectos y trabajos pr\u00e1cticos desarrollados durante sus estudios, abarcando temas t\u00e9cnicos, productivos, culturales y socioeducativos. Tambi\u00e9n hubo espacio para la cultura, donde se realizaron, obras de teatro y bailes tradicionales, que dieron color y alma al evento, resaltando la identidad local.<\/span><\/p>\n<p>&nbsp;<\/p>\n<p><img loading=\"lazy\" decoding=\"async\" class=\"aligncenter wp-image-65195 size-full\" src=\"https:\/\/inces.gob.ve\/wp-content\/uploads\/2025\/07\/photo_2025-07-04_15-02-11-e1752605837918.jpg\" alt=\"\" width=\"800\" height=\"421\" \/><\/p>\n<p style=\"font-weight: 400; text-align: justify;\"><span style=\"font-family: helvetica, arial, sans-serif; font-size: 18px;\">La directora del programa Bachillerato Productivo, Ana Tovar, expres\u00f3 su reconocimiento al esfuerzo colectivo de los facilitadores y estudiantes: \u201cAqu\u00ed no se estudia por estudiar; aqu\u00ed se construye un pa\u00eds, cada clase, cada proyecto, cada vivencia. Es importante para el desarrollo de los conocimientos de nuestros estudiantes\u201d, mencion\u00f3.\u00a0Adem\u00e1s, agradeci\u00f3 a los facilitadores por aportar sus conocimientos, apoyando en cada actividad educativa.<\/span><\/p>\n","protected":false},"excerpt":{"rendered":"<p>** Los estudiantes presentaron una variedad de proyectos y trabajos pr\u00e1cticos desarrollados durante sus estudios<\/p>\n","protected":false},"author":15,"featured_media":65197,"comment_status":"closed","ping_status":"closed","sticky":false,"template":"","format":"standard","meta":{"footnotes":""},"categories":[2],"tags":[],"class_list":["post-65192","post","type-post","status-publish","format-standard","has-post-thumbnail","hentry","category-blog"],"_links":{"self":[{"href":"https:\/\/inces.gob.ve\/index.php\/wp-json\/wp\/v2\/posts\/65192","targetHints":{"allow":["GET"]}}],"collection":[{"href":"https:\/\/inces.gob.ve\/index.php\/wp-json\/wp\/v2\/posts"}],"about":[{"href":"https:\/\/inces.gob.ve\/index.php\/wp-json\/wp\/v2\/types\/post"}],"author":[{"embeddable":true,"href":"https:\/\/inces.gob.ve\/index.php\/wp-json\/wp\/v2\/users\/15"}],"replies":[{"embeddable":true,"href":"https:\/\/inces.gob.ve\/index.php\/wp-json\/wp\/v2\/comments?post=65192"}],"version-history":[{"count":4,"href":"https:\/\/inces.gob.ve\/index.php\/wp-json\/wp\/v2\/posts\/65192\/revisions"}],"predecessor-version":[{"id":65202,"href":"https:\/\/inces.gob.ve\/index.php\/wp-json\/wp\/v2\/posts\/65192\/revisions\/65202"}],"wp:featuredmedia":[{"embeddable":true,"href":"https:\/\/inces.gob.ve\/index.php\/wp-json\/wp\/v2\/media\/65197"}],"wp:attachment":[{"href":"https:\/\/inces.gob.ve\/index.php\/wp-json\/wp\/v2\/media?parent=65192"}],"wp:term":[{"taxonomy":"category","embeddable":true,"href":"https:\/\/inces.gob.ve\/index.php\/wp-json\/wp\/v2\/categories?post=65192"},{"taxonomy":"post_tag","embeddable":true,"href":"https:\/\/inces.gob.ve\/index.php\/wp-json\/wp\/v2\/tags?post=65192"}],"curies":[{"name":"wp","href":"https:\/\/api.w.org\/{rel}","templated":true}]}}