{"id":65210,"date":"2025-07-16T08:47:51","date_gmt":"2025-07-16T12:47:51","guid":{"rendered":"https:\/\/inces.gob.ve\/?p=65210"},"modified":"2025-07-16T08:47:51","modified_gmt":"2025-07-16T12:47:51","slug":"inces-y-alcaldia-de-caracas-impulsan-a-emprendedores-registrados-en-la-caravana-de-soluciones","status":"publish","type":"post","link":"https:\/\/inces.gob.ve\/index.php\/2025\/07\/16\/inces-y-alcaldia-de-caracas-impulsan-a-emprendedores-registrados-en-la-caravana-de-soluciones\/","title":{"rendered":"Inces y alcald\u00eda de Caracas impulsan a emprendedores registrados en la Caravana de Soluciones\u00a0\u00a0"},"content":{"rendered":"<p style=\"text-align: justify;\"><em><strong><span style=\"font-family: helvetica, arial, sans-serif; font-size: 18px;\">** Primera charla de tres, en alianza estrat\u00e9gica, capacita a emprendedores registrados en la Caravana de las Soluciones<\/span><\/strong><\/em><!--more--><\/p>\n<p style=\"text-align: justify;\"><span style=\"font-family: helvetica, arial, sans-serif; font-size: 18px;\">\u00a0<\/span><\/p>\n<p style=\"text-align: justify;\"><span style=\"font-size: 18px; font-family: helvetica, arial, sans-serif;\">Dimas P\u00e1ez<\/span><\/p>\n<p style=\"text-align: justify;\"><span style=\"font-size: 18px; font-family: helvetica, arial, sans-serif;\">F\/ Rafael Urbina<\/span><\/p>\n<p>&nbsp;<\/p>\n<p style=\"text-align: justify;\"><span style=\"font-family: helvetica, arial, sans-serif; font-size: 18px;\">Emprendedores caraque\u00f1os registrados en la Caravana de las Soluciones \u2014iniciativa de la alcald\u00eda de Caracas\u2014 recibieron este martes la primera formaci\u00f3n especializada en creaci\u00f3n de Peque\u00f1as y Medianas Empresas (PYMEs), a cargo del Instituto Nacional de Capacitaci\u00f3n y Educaci\u00f3n Socialista (Inces).\u00a0\u00a0<\/span><\/p>\n<p>&nbsp;<\/p>\n<p><img loading=\"lazy\" decoding=\"async\" class=\"aligncenter wp-image-65216 size-large\" src=\"https:\/\/inces.gob.ve\/wp-content\/uploads\/2025\/07\/DSC_6038-1024x685.jpg\" alt=\"\" width=\"640\" height=\"428\" srcset=\"https:\/\/inces.gob.ve\/wp-content\/uploads\/2025\/07\/DSC_6038-1024x685.jpg 1024w, https:\/\/inces.gob.ve\/wp-content\/uploads\/2025\/07\/DSC_6038-300x201.jpg 300w, https:\/\/inces.gob.ve\/wp-content\/uploads\/2025\/07\/DSC_6038-768x514.jpg 768w, https:\/\/inces.gob.ve\/wp-content\/uploads\/2025\/07\/DSC_6038-1536x1028.jpg 1536w, https:\/\/inces.gob.ve\/wp-content\/uploads\/2025\/07\/DSC_6038-2048x1371.jpg 2048w, https:\/\/inces.gob.ve\/wp-content\/uploads\/2025\/07\/DSC_6038-272x182.jpg 272w\" sizes=\"auto, (max-width: 640px) 100vw, 640px\" \/><\/p>\n<p>&nbsp;<\/p>\n<p style=\"text-align: justify;\"><span style=\"font-family: helvetica, arial, sans-serif; font-size: 18px;\">La Caravana de las Soluciones es un programa liderado por la alcald\u00eda de Caracas para fortalecer el ecosistema productivo local, con base en esto, el Inces y el gobierno capitalino iniciaron un ciclo de tres talleres dirigidos exclusivamente a emprendedores registrados en esta iniciativa. La primera jornada, centrada en la creaci\u00f3n de PYMEs, se desarroll\u00f3 en el sal\u00f3n de usos m\u00faltiples de la Escuela de Emprendedores del Inces, ubicada en el edificio anexo de la instituci\u00f3n.\u00a0\u00a0<\/span><\/p>\n<p>&nbsp;<\/p>\n<p><img loading=\"lazy\" decoding=\"async\" class=\"aligncenter wp-image-65217 size-large\" src=\"https:\/\/inces.gob.ve\/wp-content\/uploads\/2025\/07\/DSC_6070-1024x685.jpg\" alt=\"\" width=\"640\" height=\"428\" srcset=\"https:\/\/inces.gob.ve\/wp-content\/uploads\/2025\/07\/DSC_6070-1024x685.jpg 1024w, https:\/\/inces.gob.ve\/wp-content\/uploads\/2025\/07\/DSC_6070-300x201.jpg 300w, https:\/\/inces.gob.ve\/wp-content\/uploads\/2025\/07\/DSC_6070-768x514.jpg 768w, https:\/\/inces.gob.ve\/wp-content\/uploads\/2025\/07\/DSC_6070-1536x1028.jpg 1536w, https:\/\/inces.gob.ve\/wp-content\/uploads\/2025\/07\/DSC_6070-2048x1371.jpg 2048w, https:\/\/inces.gob.ve\/wp-content\/uploads\/2025\/07\/DSC_6070-272x182.jpg 272w\" sizes=\"auto, (max-width: 640px) 100vw, 640px\" \/><\/p>\n<p style=\"text-align: justify;\"><span style=\"font-family: helvetica, arial, sans-serif; font-size: 18px;\">\u00a0<\/span><\/p>\n<p>&nbsp;<\/p>\n<p style=\"text-align: justify;\"><span style=\"font-family: helvetica, arial, sans-serif; font-size: 18px;\">La actividad cont\u00f3 con la presencia del presidente del Inces, Wuikelman \u00c1ngel; la secretaria de Desarrollo Econ\u00f3mico de la Alcald\u00eda de Caracas, Mar\u00eda Elisa Dom\u00ednguez Velasco (en representaci\u00f3n de la alcaldesa Carmen Mel\u00e9ndez); la directora de la Escuela de Emprendimiento del Inces, Naty V\u00e1squez; y los facilitadores David Parra y David Urgelles. <\/span><\/p>\n<p style=\"text-align: justify;\">\n<p><img loading=\"lazy\" decoding=\"async\" class=\"aligncenter wp-image-65213 size-large\" src=\"https:\/\/inces.gob.ve\/wp-content\/uploads\/2025\/07\/IMG-20250715-WA0030-768x1024.jpg\" alt=\"\" width=\"640\" height=\"853\" \/><\/p>\n<p>&nbsp;<\/p>\n<p style=\"text-align: justify;\"><span style=\"font-family: helvetica, arial, sans-serif; font-size: 18px;\">M\u00e1s de 220 emprendedores asistieron a la charla, un grupo presencialmente, mientras otros se sumaron v\u00eda Zoom en todo el pa\u00eds.\u00a0\u00a0<\/span><\/p>\n<p style=\"text-align: justify;\"><span style=\"font-family: helvetica, arial, sans-serif; font-size: 18px;\">\u00a0<\/span><\/p>\n<p><img loading=\"lazy\" decoding=\"async\" class=\"aligncenter wp-image-65218 size-large\" src=\"https:\/\/inces.gob.ve\/wp-content\/uploads\/2025\/07\/Captura-de-pantalla-2025-07-15-093607-1024x576.png\" alt=\"\" width=\"640\" height=\"360\" srcset=\"https:\/\/inces.gob.ve\/wp-content\/uploads\/2025\/07\/Captura-de-pantalla-2025-07-15-093607-1024x576.png 1024w, https:\/\/inces.gob.ve\/wp-content\/uploads\/2025\/07\/Captura-de-pantalla-2025-07-15-093607-300x169.png 300w, https:\/\/inces.gob.ve\/wp-content\/uploads\/2025\/07\/Captura-de-pantalla-2025-07-15-093607-768x432.png 768w, https:\/\/inces.gob.ve\/wp-content\/uploads\/2025\/07\/Captura-de-pantalla-2025-07-15-093607-1536x864.png 1536w, https:\/\/inces.gob.ve\/wp-content\/uploads\/2025\/07\/Captura-de-pantalla-2025-07-15-093607.png 1920w\" sizes=\"auto, (max-width: 640px) 100vw, 640px\" \/><\/p>\n<p>&nbsp;<\/p>\n<p>&nbsp;<\/p>\n<p style=\"text-align: justify;\"><span style=\"font-family: helvetica, arial, sans-serif; font-size: 18px;\">\u00c1ngel destac\u00f3 la alianza con la alcald\u00eda y su alineaci\u00f3n con las \u00ab7 Transformaciones\u00bb impulsadas por el presidente Nicol\u00e1s Maduro: *\u00bbAcompa\u00f1amos a la alcaldesa Mel\u00e9ndez en la Caravana de las Soluciones para llegar a las bases del pueblo. Esta concentraci\u00f3n de emprendedores de todos los sectores de Caracas demuestra que la estrategia da frutos\u00bb. <\/span><span style=\"font-family: helvetica, arial, sans-serif; font-size: 18px;\">Resalt\u00f3 que la formaci\u00f3n es clave para materializar la transformaci\u00f3n econ\u00f3mica nacional.\u00a0\u00a0<\/span><\/p>\n<p>&nbsp;<\/p>\n<p><img loading=\"lazy\" decoding=\"async\" class=\"aligncenter wp-image-65219 size-large\" src=\"https:\/\/inces.gob.ve\/wp-content\/uploads\/2025\/07\/DSC_6078-1024x685.jpg\" alt=\"\" width=\"640\" height=\"428\" srcset=\"https:\/\/inces.gob.ve\/wp-content\/uploads\/2025\/07\/DSC_6078-1024x685.jpg 1024w, https:\/\/inces.gob.ve\/wp-content\/uploads\/2025\/07\/DSC_6078-300x201.jpg 300w, https:\/\/inces.gob.ve\/wp-content\/uploads\/2025\/07\/DSC_6078-768x514.jpg 768w, https:\/\/inces.gob.ve\/wp-content\/uploads\/2025\/07\/DSC_6078-1536x1028.jpg 1536w, https:\/\/inces.gob.ve\/wp-content\/uploads\/2025\/07\/DSC_6078-2048x1371.jpg 2048w, https:\/\/inces.gob.ve\/wp-content\/uploads\/2025\/07\/DSC_6078-272x182.jpg 272w\" sizes=\"auto, (max-width: 640px) 100vw, 640px\" \/><\/p>\n<p style=\"text-align: justify;\"><span style=\"font-family: helvetica, arial, sans-serif; font-size: 18px;\">\u00a0<\/span><\/p>\n<p>&nbsp;<\/p>\n<p style=\"text-align: justify;\"><span style=\"font-family: helvetica, arial, sans-serif; font-size: 18px;\">Por su parte, Dom\u00ednguez Velasco enfatiz\u00f3 el valor de la sinergia interinstitucional: \u00abEl Inces es el ente natural para el adiestramiento de nuestra fuerza productiva. Su apoyo en la Caravana \u2014dentro de la Operaci\u00f3n Caracas Sonr\u00ede\u2014 ejecuta las &#8216;4F&#8217; presidenciales: Formalizaci\u00f3n, Formaci\u00f3n, Financiaci\u00f3n y Ferias. Subray\u00f3 que esta colaboraci\u00f3n es vital para impulsar la nueva econom\u00eda.\u00a0\u00a0<\/span><\/p>\n<p>&nbsp;<\/p>\n<p><img loading=\"lazy\" decoding=\"async\" class=\"aligncenter wp-image-65220 size-large\" src=\"https:\/\/inces.gob.ve\/wp-content\/uploads\/2025\/07\/DSC_6055-1024x685.jpg\" alt=\"\" width=\"640\" height=\"428\" srcset=\"https:\/\/inces.gob.ve\/wp-content\/uploads\/2025\/07\/DSC_6055-1024x685.jpg 1024w, https:\/\/inces.gob.ve\/wp-content\/uploads\/2025\/07\/DSC_6055-300x201.jpg 300w, https:\/\/inces.gob.ve\/wp-content\/uploads\/2025\/07\/DSC_6055-768x514.jpg 768w, https:\/\/inces.gob.ve\/wp-content\/uploads\/2025\/07\/DSC_6055-1536x1028.jpg 1536w, https:\/\/inces.gob.ve\/wp-content\/uploads\/2025\/07\/DSC_6055-2048x1371.jpg 2048w, https:\/\/inces.gob.ve\/wp-content\/uploads\/2025\/07\/DSC_6055-272x182.jpg 272w\" sizes=\"auto, (max-width: 640px) 100vw, 640px\" \/><\/p>\n<p style=\"text-align: justify;\">\n<p style=\"text-align: justify;\"><span style=\"font-family: helvetica, arial, sans-serif; font-size: 18px;\">\u00a0<\/span><\/p>\n<p>&nbsp;<\/p>\n<p style=\"text-align: justify;\"><span style=\"font-family: helvetica, arial, sans-serif; font-size: 18px;\">David Parra, facilitador del Inces, detall\u00f3 que el taller abord\u00f3 el proceso de constituci\u00f3n de PYMEs: definici\u00f3n, marco legal, capitales requeridos, objetos de registro y tr\u00e1mites ante registros mercantiles\u00bb; mientras que David Urgelles<\/span><span style=\"font-family: helvetica, arial, sans-serif; font-size: 18px;\">\u00a0explic\u00f3 los mecanismos para acceder a certificaciones de emprendimiento con apoyo gubernamental.\u00a0\u00a0<\/span><\/p>\n<p>&nbsp;<\/p>\n<p><img loading=\"lazy\" decoding=\"async\" class=\"aligncenter wp-image-65221 size-large\" src=\"https:\/\/inces.gob.ve\/wp-content\/uploads\/2025\/07\/DSC_6042-scaled-e1752669921710-1024x510.jpg\" alt=\"\" width=\"640\" height=\"319\" srcset=\"https:\/\/inces.gob.ve\/wp-content\/uploads\/2025\/07\/DSC_6042-scaled-e1752669921710-1024x510.jpg 1024w, https:\/\/inces.gob.ve\/wp-content\/uploads\/2025\/07\/DSC_6042-scaled-e1752669921710-300x150.jpg 300w, https:\/\/inces.gob.ve\/wp-content\/uploads\/2025\/07\/DSC_6042-scaled-e1752669921710-768x383.jpg 768w, https:\/\/inces.gob.ve\/wp-content\/uploads\/2025\/07\/DSC_6042-scaled-e1752669921710-1536x766.jpg 1536w, https:\/\/inces.gob.ve\/wp-content\/uploads\/2025\/07\/DSC_6042-scaled-e1752669921710-2048x1021.jpg 2048w\" sizes=\"auto, (max-width: 640px) 100vw, 640px\" \/><\/p>\n<p style=\"text-align: justify;\"><span style=\"font-family: helvetica, arial, sans-serif; font-size: 18px;\">\u00a0<\/span><\/p>\n<p>&nbsp;<\/p>\n<p style=\"text-align: justify;\"><span style=\"font-family: helvetica, arial, sans-serif; font-size: 18px;\">La participante Ana Molina agradeci\u00f3 la oportunidad: \u00abEsta alianza entre el Inces y la alcald\u00eda nos da herramientas para fortalecer nuestros proyectos. Queremos una Caracas productiva, y hoy nos sentimos respaldados\u00bb.\u00a0\u00a0<\/span><\/p>\n<p>&nbsp;<\/p>\n<p><img loading=\"lazy\" decoding=\"async\" class=\"aligncenter wp-image-65222 size-large\" src=\"https:\/\/inces.gob.ve\/wp-content\/uploads\/2025\/07\/DSC_6054-1024x685.jpg\" alt=\"\" width=\"640\" height=\"428\" srcset=\"https:\/\/inces.gob.ve\/wp-content\/uploads\/2025\/07\/DSC_6054-1024x685.jpg 1024w, https:\/\/inces.gob.ve\/wp-content\/uploads\/2025\/07\/DSC_6054-300x201.jpg 300w, https:\/\/inces.gob.ve\/wp-content\/uploads\/2025\/07\/DSC_6054-768x514.jpg 768w, https:\/\/inces.gob.ve\/wp-content\/uploads\/2025\/07\/DSC_6054-1536x1028.jpg 1536w, https:\/\/inces.gob.ve\/wp-content\/uploads\/2025\/07\/DSC_6054-2048x1371.jpg 2048w, https:\/\/inces.gob.ve\/wp-content\/uploads\/2025\/07\/DSC_6054-272x182.jpg 272w\" sizes=\"auto, (max-width: 640px) 100vw, 640px\" \/><\/p>\n<p style=\"text-align: justify;\"><span style=\"font-family: helvetica, arial, sans-serif; font-size: 18px;\">\u00a0<\/span><\/p>\n<p style=\"text-align: justify;\"><span style=\"font-family: helvetica, arial, sans-serif; font-size: 18px;\">El ciclo continuar\u00e1 con dos talleres adicionales, reforzando el compromiso de ambas instituciones con el desarrollo econ\u00f3mico local bajo los lineamientos del Gobierno nacional.\u00a0\u00a0<\/span><\/p>\n<p style=\"text-align: justify;\">\n","protected":false},"excerpt":{"rendered":"<p>** Primera charla de tres, en alianza estrat\u00e9gica, capacita a emprendedores registrados en la Caravana de las Soluciones<\/p>\n","protected":false},"author":4,"featured_media":65215,"comment_status":"closed","ping_status":"closed","sticky":false,"template":"","format":"standard","meta":{"footnotes":""},"categories":[2],"tags":[],"class_list":["post-65210","post","type-post","status-publish","format-standard","has-post-thumbnail","hentry","category-blog"],"_links":{"self":[{"href":"https:\/\/inces.gob.ve\/index.php\/wp-json\/wp\/v2\/posts\/65210","targetHints":{"allow":["GET"]}}],"collection":[{"href":"https:\/\/inces.gob.ve\/index.php\/wp-json\/wp\/v2\/posts"}],"about":[{"href":"https:\/\/inces.gob.ve\/index.php\/wp-json\/wp\/v2\/types\/post"}],"author":[{"embeddable":true,"href":"https:\/\/inces.gob.ve\/index.php\/wp-json\/wp\/v2\/users\/4"}],"replies":[{"embeddable":true,"href":"https:\/\/inces.gob.ve\/index.php\/wp-json\/wp\/v2\/comments?post=65210"}],"version-history":[{"count":2,"href":"https:\/\/inces.gob.ve\/index.php\/wp-json\/wp\/v2\/posts\/65210\/revisions"}],"predecessor-version":[{"id":65223,"href":"https:\/\/inces.gob.ve\/index.php\/wp-json\/wp\/v2\/posts\/65210\/revisions\/65223"}],"wp:featuredmedia":[{"embeddable":true,"href":"https:\/\/inces.gob.ve\/index.php\/wp-json\/wp\/v2\/media\/65215"}],"wp:attachment":[{"href":"https:\/\/inces.gob.ve\/index.php\/wp-json\/wp\/v2\/media?parent=65210"}],"wp:term":[{"taxonomy":"category","embeddable":true,"href":"https:\/\/inces.gob.ve\/index.php\/wp-json\/wp\/v2\/categories?post=65210"},{"taxonomy":"post_tag","embeddable":true,"href":"https:\/\/inces.gob.ve\/index.php\/wp-json\/wp\/v2\/tags?post=65210"}],"curies":[{"name":"wp","href":"https:\/\/api.w.org\/{rel}","templated":true}]}}