{"id":65251,"date":"2025-07-16T10:44:00","date_gmt":"2025-07-16T14:44:00","guid":{"rendered":"https:\/\/inces.gob.ve\/?p=65251"},"modified":"2025-07-16T11:33:12","modified_gmt":"2025-07-16T15:33:12","slug":"caracas-inces-sostiene-encuentro-investigativo-con-la-comunidad-de-investigacion-inces-y-la-granja-piloto-mosca-negra","status":"publish","type":"post","link":"https:\/\/inces.gob.ve\/index.php\/2025\/07\/16\/caracas-inces-sostiene-encuentro-investigativo-con-la-comunidad-de-investigacion-inces-y-la-granja-piloto-mosca-negra\/","title":{"rendered":"CARACAS | Inces sostiene encuentro investigativo con la Comunidad de Investigaci\u00f3n Inces y la Granja Piloto Mosca Negra"},"content":{"rendered":"<p style=\"text-align: justify;\"><span style=\"font-family: helvetica, arial, sans-serif; font-size: 18px;\"><em><strong>** El Inces impulsa los procesos de investigaci\u00f3n protagonizados por su trabajadores<\/strong><\/em><!--more--><\/span><\/p>\n<div dir=\"auto\" style=\"text-align: justify;\"><\/div>\n<div dir=\"auto\" style=\"text-align: justify;\"><span style=\"font-family: helvetica, arial, sans-serif; font-size: 18px;\">El Instituto Nacional de Capacitaci\u00f3n y Educaci\u00f3n Socialista (Inces) desde su regi\u00f3n capital llev\u00f3 a cabo un Intercambio de Saberes con la Comunidad de Investigaci\u00f3n Inces y la Granja Piloto de Mosca Soldado Negro. Esta reuni\u00f3n, cont\u00f3 con la participaci\u00f3n del equipo de la Comunidad de Investigaci\u00f3n Inces, la gerente regional Rosario Caraballo, la divisi\u00f3n de formaci\u00f3n profesional y el Centro de Formaci\u00f3n Socialista (CFS) Metalmec\u00e1nica, tuvo como objeto principal presentar el innovador proyecto de la mosca soldado negro, una iniciativa que busca reemplazar la soya en la producci\u00f3n de alimentos balanceados para animales.<\/span><\/div>\n<div dir=\"auto\"><\/div>\n<div dir=\"auto\"><\/div>\n<div dir=\"auto\"><img loading=\"lazy\" decoding=\"async\" class=\"aligncenter wp-image-65253 size-full\" src=\"https:\/\/inces.gob.ve\/wp-content\/uploads\/2025\/07\/1001138153-e1752676968949.jpg\" alt=\"\" width=\"800\" height=\"567\" \/><\/div>\n<div dir=\"auto\" style=\"text-align: justify;\"><\/div>\n<div dir=\"auto\" style=\"text-align: justify;\"><span style=\"font-family: helvetica, arial, sans-serif; font-size: 18px;\">Durante el encuentro, se discutieron los beneficios de utilizar larvas de mosca soldado negro como fuente de prote\u00edna sostenible y econ\u00f3mica, en respuesta a la creciente demanda de alternativas alimenticias en la industria ganadera. La propuesta no solo promete mejorar la calidad nutricional de los alimentos para animales, sino que tambi\u00e9n representa un avance significativo hacia pr\u00e1cticas m\u00e1s sostenibles y responsables con el medio ambiente.<\/span><\/div>\n<div dir=\"auto\" style=\"text-align: justify;\"><\/div>\n<div dir=\"auto\" style=\"text-align: justify;\"><span style=\"font-family: helvetica, arial, sans-serif; font-size: 18px;\">Caraballo comparti\u00f3 su entusiasmo por el proyecto: \u201cLa implementaci\u00f3n de este tipo de iniciativas es fundamental para diversificar nuestras fuentes de prote\u00edna y reducir nuestra dependencia de insumos importados. Estamos comprometidos con la formaci\u00f3n y capacitaci\u00f3n en estas nuevas tecnolog\u00edas que benefician tanto a los productores como al medio ambiente\u201d.<\/span><\/div>\n<div dir=\"auto\" style=\"text-align: justify;\"><\/div>\n<div dir=\"auto\" style=\"text-align: justify;\"><span style=\"font-family: helvetica, arial, sans-serif; font-size: 18px;\">Por su parte, Hern\u00e1n Garboza, Gerente General de Investigaci\u00f3n y Desarrollo del Inces, destac\u00f3: \u201cEste proyecto representa una oportunidad \u00fanica para innovar en la producci\u00f3n animal. La mosca soldado negro no solo es una soluci\u00f3n viable desde el punto de vista econ\u00f3mico, sino que tambi\u00e9n contribuye a la sostenibilidad ambiental al aprovechar desechos org\u00e1nicos. Estamos entusiasmados por el potencial que tiene esta iniciativa y por colaborar en su implementaci\u00f3n\u201d.<\/span><\/div>\n<div dir=\"auto\" style=\"text-align: justify;\"><\/div>\n<div dir=\"auto\" style=\"text-align: justify;\"><span style=\"font-family: helvetica, arial, sans-serif; font-size: 18px;\">El encuentro concluy\u00f3 con un compromiso mutuo para seguir adelante con la investigaci\u00f3n para el desarrollo del proyecto y explorar oportunidades de colaboraci\u00f3n en la formaci\u00f3n profesional relacionada con esta innovadora t\u00e9cnica.<\/span><\/div>\n","protected":false},"excerpt":{"rendered":"<p>** El Inces impulsa los procesos de investigaci\u00f3n protagonizados por su trabajadores<\/p>\n","protected":false},"author":15,"featured_media":65252,"comment_status":"closed","ping_status":"closed","sticky":false,"template":"","format":"standard","meta":{"footnotes":""},"categories":[2],"tags":[],"class_list":["post-65251","post","type-post","status-publish","format-standard","has-post-thumbnail","hentry","category-blog"],"_links":{"self":[{"href":"https:\/\/inces.gob.ve\/index.php\/wp-json\/wp\/v2\/posts\/65251","targetHints":{"allow":["GET"]}}],"collection":[{"href":"https:\/\/inces.gob.ve\/index.php\/wp-json\/wp\/v2\/posts"}],"about":[{"href":"https:\/\/inces.gob.ve\/index.php\/wp-json\/wp\/v2\/types\/post"}],"author":[{"embeddable":true,"href":"https:\/\/inces.gob.ve\/index.php\/wp-json\/wp\/v2\/users\/15"}],"replies":[{"embeddable":true,"href":"https:\/\/inces.gob.ve\/index.php\/wp-json\/wp\/v2\/comments?post=65251"}],"version-history":[{"count":1,"href":"https:\/\/inces.gob.ve\/index.php\/wp-json\/wp\/v2\/posts\/65251\/revisions"}],"predecessor-version":[{"id":65254,"href":"https:\/\/inces.gob.ve\/index.php\/wp-json\/wp\/v2\/posts\/65251\/revisions\/65254"}],"wp:featuredmedia":[{"embeddable":true,"href":"https:\/\/inces.gob.ve\/index.php\/wp-json\/wp\/v2\/media\/65252"}],"wp:attachment":[{"href":"https:\/\/inces.gob.ve\/index.php\/wp-json\/wp\/v2\/media?parent=65251"}],"wp:term":[{"taxonomy":"category","embeddable":true,"href":"https:\/\/inces.gob.ve\/index.php\/wp-json\/wp\/v2\/categories?post=65251"},{"taxonomy":"post_tag","embeddable":true,"href":"https:\/\/inces.gob.ve\/index.php\/wp-json\/wp\/v2\/tags?post=65251"}],"curies":[{"name":"wp","href":"https:\/\/api.w.org\/{rel}","templated":true}]}}