{"id":65261,"date":"2025-07-16T13:48:06","date_gmt":"2025-07-16T17:48:06","guid":{"rendered":"https:\/\/inces.gob.ve\/?p=65261"},"modified":"2025-07-16T13:59:50","modified_gmt":"2025-07-16T17:59:50","slug":"lara-entrega-de-certificados-inces-en-el-cp-fenix-un-paso-hacia-la-resocializacion","status":"publish","type":"post","link":"https:\/\/inces.gob.ve\/index.php\/2025\/07\/16\/lara-entrega-de-certificados-inces-en-el-cp-fenix-un-paso-hacia-la-resocializacion\/","title":{"rendered":"LARA | Entrega de certificados Inces en el CP F\u00e9nix: un paso hacia la resocializaci\u00f3n"},"content":{"rendered":"<p style=\"text-align: justify;\"><span style=\"font-family: helvetica, arial, sans-serif; font-size: 18px;\"><em><strong>** La atenci\u00f3n a los privados de libertad<\/strong><\/em><!--more--><\/span><\/p>\n<p style=\"text-align: justify;\"><span style=\"font-family: helvetica, arial, sans-serif; font-size: 18px;\">En el Centro Penitenciario F\u00e9nix (CP F\u00e9nix), se llev\u00f3 a cabo la entrega de certificados por parte del Instituto Nacional de Capacitaci\u00f3n\u00a0 y Educaci\u00f3n Socialista (Inces) a los privados de libertad que han completado diferentes unidades curriculares, atendiendo el \u00e1mbito de resocializaci\u00f3n Inces.<\/span><\/p>\n<p>&nbsp;<\/p>\n<p style=\"text-align: justify;\"><img loading=\"lazy\" decoding=\"async\" class=\"aligncenter wp-image-65265 \" src=\"https:\/\/inces.gob.ve\/wp-content\/uploads\/2025\/07\/F-O-T-O-00000001111-M.jpeg\" alt=\"\" width=\"528\" height=\"400\" srcset=\"https:\/\/inces.gob.ve\/wp-content\/uploads\/2025\/07\/F-O-T-O-00000001111-M.jpeg 486w, https:\/\/inces.gob.ve\/wp-content\/uploads\/2025\/07\/F-O-T-O-00000001111-M-300x227.jpeg 300w, https:\/\/inces.gob.ve\/wp-content\/uploads\/2025\/07\/F-O-T-O-00000001111-M-136x102.jpeg 136w\" sizes=\"auto, (max-width: 528px) 100vw, 528px\" \/><\/p>\n<p style=\"text-align: justify;\"><span style=\"font-family: helvetica, arial, sans-serif; font-size: 18px;\">Se cont\u00f3 con la presencia de la gerente regional de Inces Lara Iriana Gonz\u00e1lez; Edalia Gerle, jefa del Centro Jos\u00e9 P\u00edo Tamayo; el responsable del \u00e1mbito Resocializaci\u00f3n H\u00e9ctor Torcatez, la maestra Petra Pineda y en representaci\u00f3n del gobernador del estado Lara la doctora Nereida Sosa. Tambi\u00e9n asistieron al evento el diputado a la Asamblea Nacional, Gabriel Guerrero; el director del Servicio de Atenci\u00f3n Integral al Ni\u00f1o Ni\u00f1a y al Adolescente (Saina) Miguel Gonz\u00e1lez; el subdirector del CP F\u00e9nix, Elvis Macuare; la secretaria jur\u00eddica de Mocev Lara, as\u00ed como otras personalidades destacadas.<\/span><\/p>\n<p style=\"text-align: justify;\"><span style=\"font-family: helvetica, arial, sans-serif; font-size: 18px;\">Este programa de resocializaci\u00f3n se enfoca en brindar herramientas educativas y laborales a los privados de libertad, con el objetivo de fomentar su reintegraci\u00f3n exitosa en la sociedad una vez liberados. La colaboraci\u00f3n entre Inces y el CP F\u00e9nix es fundamental para ofrecer programas educativos adaptados a las necesidades espec\u00edficas de esta poblaci\u00f3n.<\/span><\/p>\n<p style=\"text-align: justify;\"><span style=\"font-family: helvetica, arial, sans-serif; font-size: 18px;\">La entrega de certificados no solo reconoce el esfuerzo y la perseverancia de los privados de libertad que han completado estos programas educativos, sino que tambi\u00e9n les brinda una oportunidad para reconstruir sus vidas y contribuir positivamente a la sociedad.<\/span><\/p>\n","protected":false},"excerpt":{"rendered":"<p>** La atenci\u00f3n a los privados de libertad<\/p>\n","protected":false},"author":15,"featured_media":65264,"comment_status":"closed","ping_status":"closed","sticky":false,"template":"","format":"standard","meta":{"footnotes":""},"categories":[2],"tags":[],"class_list":["post-65261","post","type-post","status-publish","format-standard","has-post-thumbnail","hentry","category-blog"],"_links":{"self":[{"href":"https:\/\/inces.gob.ve\/index.php\/wp-json\/wp\/v2\/posts\/65261","targetHints":{"allow":["GET"]}}],"collection":[{"href":"https:\/\/inces.gob.ve\/index.php\/wp-json\/wp\/v2\/posts"}],"about":[{"href":"https:\/\/inces.gob.ve\/index.php\/wp-json\/wp\/v2\/types\/post"}],"author":[{"embeddable":true,"href":"https:\/\/inces.gob.ve\/index.php\/wp-json\/wp\/v2\/users\/15"}],"replies":[{"embeddable":true,"href":"https:\/\/inces.gob.ve\/index.php\/wp-json\/wp\/v2\/comments?post=65261"}],"version-history":[{"count":2,"href":"https:\/\/inces.gob.ve\/index.php\/wp-json\/wp\/v2\/posts\/65261\/revisions"}],"predecessor-version":[{"id":65267,"href":"https:\/\/inces.gob.ve\/index.php\/wp-json\/wp\/v2\/posts\/65261\/revisions\/65267"}],"wp:featuredmedia":[{"embeddable":true,"href":"https:\/\/inces.gob.ve\/index.php\/wp-json\/wp\/v2\/media\/65264"}],"wp:attachment":[{"href":"https:\/\/inces.gob.ve\/index.php\/wp-json\/wp\/v2\/media?parent=65261"}],"wp:term":[{"taxonomy":"category","embeddable":true,"href":"https:\/\/inces.gob.ve\/index.php\/wp-json\/wp\/v2\/categories?post=65261"},{"taxonomy":"post_tag","embeddable":true,"href":"https:\/\/inces.gob.ve\/index.php\/wp-json\/wp\/v2\/tags?post=65261"}],"curies":[{"name":"wp","href":"https:\/\/api.w.org\/{rel}","templated":true}]}}