{"id":65285,"date":"2025-07-17T11:56:45","date_gmt":"2025-07-17T15:56:45","guid":{"rendered":"https:\/\/inces.gob.ve\/?p=65285"},"modified":"2025-07-17T11:56:51","modified_gmt":"2025-07-17T15:56:51","slug":"apure-inces-dio-inicio-a-la-formacion-de-mecanica-automotriz","status":"publish","type":"post","link":"https:\/\/inces.gob.ve\/index.php\/2025\/07\/17\/apure-inces-dio-inicio-a-la-formacion-de-mecanica-automotriz\/","title":{"rendered":"APURE | Inces dio inicio a la formaci\u00f3n de Mec\u00e1nica Automotriz"},"content":{"rendered":"<p style=\"text-align: justify;\"><span style=\"font-family: helvetica, arial, sans-serif; font-size: 18px;\">** La capacitaci\u00f3n automotriz pertenece al motor Econom\u00eda Comunal, Social y Socialista del Instituto Nacional de Capacitaci\u00f3n y Educaci\u00f3n Socialista (Inces)<!--more--><\/span><\/p>\n<p><span style=\"font-family: helvetica, arial, sans-serif; font-size: 18px;\">M\u00e1s de sesenta participantes iniciaron el perfil Mec\u00e1nica Automotriz en el Inces con el maestro t\u00e9cnico productivo Adelso Montezuma, del centro de formaci\u00f3n socialista San Fernando.<\/span><\/p>\n<p>&nbsp;<\/p>\n<p style=\"text-align: justify;\"><img loading=\"lazy\" decoding=\"async\" class=\"aligncenter wp-image-65288 size-full\" src=\"https:\/\/inces.gob.ve\/wp-content\/uploads\/2025\/07\/WhatsApp-Image-2025-07-14-at-9.04.59-AM-e1752767746635.jpeg\" alt=\"\" width=\"800\" height=\"319\" \/><\/p>\n<p><span style=\"font-family: helvetica, arial, sans-serif; font-size: 18px;\">La formaci\u00f3n est\u00e1 integrada por estudiantes de la carrera Ingenier\u00eda Mec\u00e1nica de la Universidad Nacional Experimental Polit\u00e9cnica de la Fuerza Armada(UNEFA) y participantes del punto y c\u00edrculo.<\/span><\/p>\n<p><span style=\"font-family: helvetica, arial, sans-serif; font-size: 18px;\">El perfil cuenta con nueve unidades curriculares, entre ellas: Sistema El\u00e9ctrico del Autom\u00f3vil, Sistema de Enfriamiento del Autom\u00f3vil, Reparaci\u00f3n de Motores a Gasolina, Medios de Transporte Terrestre, Sistema Hidr\u00e1ulico del Autom\u00f3vil, Electricidad B\u00e1sica, Seguridad y Salud Laboral, adem\u00e1s habilidades socioemocionales y orientaci\u00f3n y atenci\u00f3n al usuario.<\/span><\/p>\n<p><span style=\"font-family: helvetica, arial, sans-serif; font-size: 18px;\">Es importante destacar que la formaci\u00f3n tendr\u00e1 una duraci\u00f3n aproximada de tres meses brindando a los participantes habilidades y destrezas para su f\u00e1cil inserci\u00f3n en el campo laboral en una ocupaci\u00f3n de alta demanda en la actualidad.<\/span><\/p>\n","protected":false},"excerpt":{"rendered":"<p>** La capacitaci\u00f3n automotriz pertenece al motor Econom\u00eda Comunal, Social y Socialista del Instituto Nacional de Capacitaci\u00f3n y Educaci\u00f3n Socialista (Inces)<\/p>\n","protected":false},"author":15,"featured_media":65287,"comment_status":"closed","ping_status":"closed","sticky":false,"template":"","format":"standard","meta":{"footnotes":""},"categories":[2],"tags":[],"class_list":["post-65285","post","type-post","status-publish","format-standard","has-post-thumbnail","hentry","category-blog"],"_links":{"self":[{"href":"https:\/\/inces.gob.ve\/index.php\/wp-json\/wp\/v2\/posts\/65285","targetHints":{"allow":["GET"]}}],"collection":[{"href":"https:\/\/inces.gob.ve\/index.php\/wp-json\/wp\/v2\/posts"}],"about":[{"href":"https:\/\/inces.gob.ve\/index.php\/wp-json\/wp\/v2\/types\/post"}],"author":[{"embeddable":true,"href":"https:\/\/inces.gob.ve\/index.php\/wp-json\/wp\/v2\/users\/15"}],"replies":[{"embeddable":true,"href":"https:\/\/inces.gob.ve\/index.php\/wp-json\/wp\/v2\/comments?post=65285"}],"version-history":[{"count":2,"href":"https:\/\/inces.gob.ve\/index.php\/wp-json\/wp\/v2\/posts\/65285\/revisions"}],"predecessor-version":[{"id":65290,"href":"https:\/\/inces.gob.ve\/index.php\/wp-json\/wp\/v2\/posts\/65285\/revisions\/65290"}],"wp:featuredmedia":[{"embeddable":true,"href":"https:\/\/inces.gob.ve\/index.php\/wp-json\/wp\/v2\/media\/65287"}],"wp:attachment":[{"href":"https:\/\/inces.gob.ve\/index.php\/wp-json\/wp\/v2\/media?parent=65285"}],"wp:term":[{"taxonomy":"category","embeddable":true,"href":"https:\/\/inces.gob.ve\/index.php\/wp-json\/wp\/v2\/categories?post=65285"},{"taxonomy":"post_tag","embeddable":true,"href":"https:\/\/inces.gob.ve\/index.php\/wp-json\/wp\/v2\/tags?post=65285"}],"curies":[{"name":"wp","href":"https:\/\/api.w.org\/{rel}","templated":true}]}}