{"id":65306,"date":"2025-07-17T15:41:20","date_gmt":"2025-07-17T19:41:20","guid":{"rendered":"https:\/\/inces.gob.ve\/?p=65306"},"modified":"2025-07-17T15:42:43","modified_gmt":"2025-07-17T19:42:43","slug":"sucre-inces-participo-en-la-expoferia-de-oportunidades-de-estudios-2025","status":"publish","type":"post","link":"https:\/\/inces.gob.ve\/index.php\/2025\/07\/17\/sucre-inces-participo-en-la-expoferia-de-oportunidades-de-estudios-2025\/","title":{"rendered":"SUCRE | Inces particip\u00f3 en la expoferia de oportunidades de estudios 2025"},"content":{"rendered":"<p style=\"text-align: justify;\" align=\"center\"><span style=\"font-family: helvetica, arial, sans-serif; font-size: 18px;\"><b>** Es una actividad que se replica en todas las regiones del pa\u00eds<\/b><!--more--><\/span><\/p>\n<p style=\"text-align: justify;\"><span style=\"font-family: helvetica, arial, sans-serif; font-size: 18px;\">Los d\u00edas mi\u00e9rcoles 11 y jueves 12, en el liceo Jos\u00e9 Silverio Gonz\u00e1lez se realiz\u00f3 una expoferia\u00a0dise\u00f1ada para orientar a los futuros bachilleres de la Rep\u00fablica en su camino hacia la educaci\u00f3n superior y la formaci\u00f3n profesional.<\/span><\/p>\n<p>&nbsp;<\/p>\n<p style=\"text-align: justify;\"><span style=\"font-family: helvetica, arial, sans-serif; font-size: 18px;\">La actividad cont\u00f3 con la presencia de la gerente regional Dora Vidal Vera, trabajadoras y trabajadores y los j\u00f3venes del Programa Nacional de Aprendizaje, pilar fundamental de la instituci\u00f3n.<\/span><\/p>\n<p>&nbsp;<\/p>\n<p style=\"text-align: justify;\"><span style=\"font-family: helvetica, arial, sans-serif; font-size: 18px;\">Durante la jornada los asistentes tuvieron la oportunidad de conocer m\u00e1s sobre la oferta formativa Inces, as\u00ed como su malla curricular. Esta feria se convirti\u00f3 en un espacio clave para la toma de decisiones en el camino acad\u00e9mico y profesional de los estudiantes.<\/span><\/p>\n<p>&nbsp;<\/p>\n<p style=\"text-align: justify;\"><span style=\"font-family: helvetica, arial, sans-serif; font-size: 18px;\">Adem\u00e1s de la exposici\u00f3n de ofertas formativas, el evento sirvi\u00f3 como plataforma para fortalecer el v\u00ednculo ente los estudiantes y el mundo de la formaci\u00f3n t\u00e9cnica y profesional, la expoferia se caracteriz\u00f3 por su ambiente din\u00e1mico y participativo, reflejando el entusiasmo y la motivaci\u00f3n de los j\u00f3venes por explorar nuevas oportunidades de aprendizaje.<\/span><\/p>\n","protected":false},"excerpt":{"rendered":"<p>** Es una actividad que se replica en todas las regiones del pa\u00eds<\/p>\n","protected":false},"author":15,"featured_media":65307,"comment_status":"closed","ping_status":"closed","sticky":false,"template":"","format":"standard","meta":{"footnotes":""},"categories":[2],"tags":[],"class_list":["post-65306","post","type-post","status-publish","format-standard","has-post-thumbnail","hentry","category-blog"],"_links":{"self":[{"href":"https:\/\/inces.gob.ve\/index.php\/wp-json\/wp\/v2\/posts\/65306","targetHints":{"allow":["GET"]}}],"collection":[{"href":"https:\/\/inces.gob.ve\/index.php\/wp-json\/wp\/v2\/posts"}],"about":[{"href":"https:\/\/inces.gob.ve\/index.php\/wp-json\/wp\/v2\/types\/post"}],"author":[{"embeddable":true,"href":"https:\/\/inces.gob.ve\/index.php\/wp-json\/wp\/v2\/users\/15"}],"replies":[{"embeddable":true,"href":"https:\/\/inces.gob.ve\/index.php\/wp-json\/wp\/v2\/comments?post=65306"}],"version-history":[{"count":2,"href":"https:\/\/inces.gob.ve\/index.php\/wp-json\/wp\/v2\/posts\/65306\/revisions"}],"predecessor-version":[{"id":65309,"href":"https:\/\/inces.gob.ve\/index.php\/wp-json\/wp\/v2\/posts\/65306\/revisions\/65309"}],"wp:featuredmedia":[{"embeddable":true,"href":"https:\/\/inces.gob.ve\/index.php\/wp-json\/wp\/v2\/media\/65307"}],"wp:attachment":[{"href":"https:\/\/inces.gob.ve\/index.php\/wp-json\/wp\/v2\/media?parent=65306"}],"wp:term":[{"taxonomy":"category","embeddable":true,"href":"https:\/\/inces.gob.ve\/index.php\/wp-json\/wp\/v2\/categories?post=65306"},{"taxonomy":"post_tag","embeddable":true,"href":"https:\/\/inces.gob.ve\/index.php\/wp-json\/wp\/v2\/tags?post=65306"}],"curies":[{"name":"wp","href":"https:\/\/api.w.org\/{rel}","templated":true}]}}