{"id":65376,"date":"2025-07-22T14:33:21","date_gmt":"2025-07-22T18:33:21","guid":{"rendered":"https:\/\/inces.gob.ve\/?p=65376"},"modified":"2025-07-22T14:33:38","modified_gmt":"2025-07-22T18:33:38","slug":"zulia-inces-comunal-inicia-formaciones-desde-la-comuna-todos-juntos-somos-chavez","status":"publish","type":"post","link":"https:\/\/inces.gob.ve\/index.php\/2025\/07\/22\/zulia-inces-comunal-inicia-formaciones-desde-la-comuna-todos-juntos-somos-chavez\/","title":{"rendered":"ZULIA | Inces Comunal inicia formaciones desde la comuna Todos Juntos Somos Ch\u00e1vez"},"content":{"rendered":"<div id=\":1aa\" class=\"ii gt\">\n<div id=\":1a9\" class=\"a3s aiL \">\n<div dir=\"ltr\">\n<div class=\"gmail_quote\">\n<div dir=\"auto\">\n<div dir=\"auto\" style=\"text-align: justify;\"><span style=\"font-family: helvetica, arial, sans-serif; font-size: 18px;\"><em><strong>** 350 inscritos inician la nueva etapa formativa del Inces Zulia Comunal desde el territorio, en la parroquia Jos\u00e9 Senobio Urribarr\u00ed, sector Palmarejo del municipio Santa Rita<\/strong><\/em><\/span><\/div>\n<\/div>\n<\/div>\n<\/div>\n<\/div>\n<\/div>\n<p style=\"text-align: justify;\"><span style=\"font-family: helvetica, arial, sans-serif; font-size: 18px;\"><!--more--><\/span><\/p>\n<div dir=\"auto\" style=\"text-align: justify;\"><\/div>\n<div dir=\"auto\" style=\"text-align: justify;\"><\/div>\n<div id=\":1aa\" class=\"ii gt\">\n<div id=\":1a9\" class=\"a3s aiL \">\n<div dir=\"ltr\">\n<div class=\"gmail_quote\">\n<div dir=\"auto\" style=\"text-align: justify;\">\n<div dir=\"auto\"><span style=\"font-family: helvetica, arial, sans-serif; font-size: 18px;\">Una fiesta cultural educativa se vivi\u00f3 desde el territorio de la Comuna Socialista Pluricultural Todos Juntos Somos Ch\u00e1vez, parroquia Jos\u00e9 Senobio Urribarr\u00ed, sector Palmarejo, municipio Santa Rita, en el inicio de ocho formaciones en la cual se inscribieron 350 participantes.\u00a0<\/span><\/div>\n<div dir=\"auto\"><\/div>\n<\/div>\n<div dir=\"auto\"><\/div>\n<div dir=\"auto\"><img loading=\"lazy\" decoding=\"async\" class=\"aligncenter wp-image-65380 size-full\" src=\"https:\/\/inces.gob.ve\/wp-content\/uploads\/2025\/07\/1001421570-e1753209065904.jpg\" alt=\"\" width=\"800\" height=\"465\" \/><\/div>\n<div dir=\"auto\" style=\"text-align: justify;\">\n<div dir=\"auto\"><\/div>\n<div dir=\"auto\"><span style=\"font-family: helvetica, arial, sans-serif; font-size: 18px;\">Con la atenci\u00f3n de los maestrosYineska Romero, Pablo Garc\u00eda, Mar\u00eda Eugenia Silva, Pedro Reyes, Endri Lizardo, Juan Carlos Cepeda e Iraida D\u00edaz del Inces Zulia, se abri\u00f3 la capacitaci\u00f3n en los PPL: Gu\u00edas Tur\u00edstico, Promotor Cultural, Protocolo, Emprendedor, Reposter\u00eda, Bomboner\u00eda, Promotor Deportivo y Recreaci\u00f3n, e Inspector de Seguridad Ocupacional.\u00a0<\/span><\/div>\n<div dir=\"auto\"><\/div>\n<\/div>\n<div dir=\"auto\"><\/div>\n<div dir=\"auto\"><img loading=\"lazy\" decoding=\"async\" class=\"aligncenter wp-image-65377 size-full\" src=\"https:\/\/inces.gob.ve\/wp-content\/uploads\/2025\/07\/1001421573-e1753209093774.jpg\" alt=\"\" width=\"800\" height=\"600\" \/><\/div>\n<div dir=\"auto\" style=\"text-align: justify;\">\n<div dir=\"auto\"><\/div>\n<div dir=\"auto\"><span style=\"font-family: helvetica, arial, sans-serif; font-size: 18px;\">Cabe destacar, que hasta el mes de junio (primer semestre del a\u00f1o), el Inces Zulia Comunal ha capacitado a 16.435 participantes del \u00e1mbito Comuna, consolidando la tarea de formar al pueblo zuliano, certificando adem\u00e1s los saberes para promover e impulsar el avance de sus emprendimientos y proyectos productivos y socio productivos.<\/span><\/div>\n<\/div>\n<div dir=\"auto\"><\/div>\n<div dir=\"auto\"><img loading=\"lazy\" decoding=\"async\" class=\"aligncenter wp-image-65378 size-full\" src=\"https:\/\/inces.gob.ve\/wp-content\/uploads\/2025\/07\/1001421572-e1753209115275.jpg\" alt=\"\" width=\"800\" height=\"596\" \/><\/div>\n<div dir=\"auto\" style=\"text-align: justify;\">\n<div dir=\"auto\"><\/div>\n<div dir=\"auto\"><span style=\"font-family: helvetica, arial, sans-serif; font-size: 18px;\">En esta nueva etapa que el Inces Zulia abre desde el municipio Santa Rita en el \u00e1mbito Comuna, se cont\u00f3 con el acompa\u00f1amiento de la candidata a la alcald\u00eda del municipio santaritense, Liz Pi\u00f1a.<\/span><\/div>\n<\/div>\n<div class=\"yj6qo\" style=\"text-align: justify;\"><\/div>\n<div class=\"adL\" style=\"text-align: justify;\"><\/div>\n<\/div>\n<\/div>\n<div class=\"adL\"><\/div>\n<\/div>\n<\/div>\n<p>&nbsp;<\/p>\n<div id=\":19e\" class=\"hq gt\"><\/div>\n","protected":false},"excerpt":{"rendered":"<p>** 350 inscritos inician la nueva etapa formativa del Inces Zulia Comunal desde el territorio, en la parroquia Jos\u00e9 Senobio Urribarr\u00ed, sector Palmarejo del municipio Santa Rita<\/p>\n","protected":false},"author":15,"featured_media":65379,"comment_status":"closed","ping_status":"closed","sticky":false,"template":"","format":"standard","meta":{"footnotes":""},"categories":[2],"tags":[],"class_list":["post-65376","post","type-post","status-publish","format-standard","has-post-thumbnail","hentry","category-blog"],"_links":{"self":[{"href":"https:\/\/inces.gob.ve\/index.php\/wp-json\/wp\/v2\/posts\/65376","targetHints":{"allow":["GET"]}}],"collection":[{"href":"https:\/\/inces.gob.ve\/index.php\/wp-json\/wp\/v2\/posts"}],"about":[{"href":"https:\/\/inces.gob.ve\/index.php\/wp-json\/wp\/v2\/types\/post"}],"author":[{"embeddable":true,"href":"https:\/\/inces.gob.ve\/index.php\/wp-json\/wp\/v2\/users\/15"}],"replies":[{"embeddable":true,"href":"https:\/\/inces.gob.ve\/index.php\/wp-json\/wp\/v2\/comments?post=65376"}],"version-history":[{"count":2,"href":"https:\/\/inces.gob.ve\/index.php\/wp-json\/wp\/v2\/posts\/65376\/revisions"}],"predecessor-version":[{"id":65382,"href":"https:\/\/inces.gob.ve\/index.php\/wp-json\/wp\/v2\/posts\/65376\/revisions\/65382"}],"wp:featuredmedia":[{"embeddable":true,"href":"https:\/\/inces.gob.ve\/index.php\/wp-json\/wp\/v2\/media\/65379"}],"wp:attachment":[{"href":"https:\/\/inces.gob.ve\/index.php\/wp-json\/wp\/v2\/media?parent=65376"}],"wp:term":[{"taxonomy":"category","embeddable":true,"href":"https:\/\/inces.gob.ve\/index.php\/wp-json\/wp\/v2\/categories?post=65376"},{"taxonomy":"post_tag","embeddable":true,"href":"https:\/\/inces.gob.ve\/index.php\/wp-json\/wp\/v2\/tags?post=65376"}],"curies":[{"name":"wp","href":"https:\/\/api.w.org\/{rel}","templated":true}]}}