{"id":65421,"date":"2025-07-28T12:07:13","date_gmt":"2025-07-28T16:07:13","guid":{"rendered":"https:\/\/inces.gob.ve\/?p=65421"},"modified":"2025-07-28T12:07:19","modified_gmt":"2025-07-28T16:07:19","slug":"merida-coral-del-inces-participo-en-el-50-aniversario-de-la-cantoria-de-merida","status":"publish","type":"post","link":"https:\/\/inces.gob.ve\/index.php\/2025\/07\/28\/merida-coral-del-inces-participo-en-el-50-aniversario-de-la-cantoria-de-merida\/","title":{"rendered":"M\u00c9RIDA | Coral del Inces particip\u00f3 en el 50\u00b0 Aniversario de la Cantor\u00eda de M\u00e9rida"},"content":{"rendered":"<p style=\"font-weight: 400; text-align: justify;\"><strong><em>*<span style=\"font-family: helvetica, arial, sans-serif; font-size: 18px;\">** Durante el encuentro de coros, \u00a0la agrupaci\u00f3n del Inces, tuvo una magn\u00edfica participaci\u00f3n en el concierto n\u00famero tres, de una semana llena de actividades en homenaje a la Cantor\u00eda<\/span><\/em><\/strong><span style=\"font-family: helvetica, arial, sans-serif; font-size: 18px;\"><!--more--><\/span><\/p>\n<p style=\"font-weight: 400; text-align: justify;\"><span style=\"font-family: helvetica, arial, sans-serif; font-size: 18px;\"><strong>NADIA LOBO<\/strong><\/span><\/p>\n<p style=\"font-weight: 400; text-align: justify;\"><span style=\"font-family: helvetica, arial, sans-serif; font-size: 18px;\">Con el objetivo de rendir un merecido homenaje a la Cantor\u00eda de M\u00e9rida, por estar celebrando su quincuag\u00e9simo aniversario, la Coral del Instituto Nacional de Capacitaci\u00f3n y Educaci\u00f3n Socialista (Inces), ofreci\u00f3 un hermoso repertorio y comparti\u00f3 escenario con otras agrupaciones\u00a0locales e internacionales<\/span><\/p>\n<p>&nbsp;<\/p>\n<p><img loading=\"lazy\" decoding=\"async\" class=\"aligncenter wp-image-65422 size-full\" src=\"https:\/\/inces.gob.ve\/wp-content\/uploads\/2025\/07\/Coral-2-e1753718734951.jpg\" alt=\"\" width=\"800\" height=\"349\" \/><\/p>\n<p style=\"font-weight: 400; text-align: justify;\"><span style=\"font-family: helvetica, arial, sans-serif; font-size: 18px;\">En este sentido, la Coral del Inces M\u00e9rida, con una trayectoria de\u00a012\u00a0a\u00f1os, bajo la direcci\u00f3n del profesor Roldan Fern\u00e1ndez, ofreci\u00f3 entre su repertorios temas como\u00a0Tambores de San Juan (autor\u00eda de Manuel Desman con adaptaciones); Peque\u00f1as Cosas (tema popular de Argentina); Mi Pollera Colorada (tema popular de Colombia), entre otras canciones del folclore venezolano.<\/span><\/p>\n<p>&nbsp;<\/p>\n<p style=\"font-weight: 400; text-align: justify;\"><span style=\"font-family: helvetica, arial, sans-serif; font-size: 18px;\">El encuentro de coros, tuvo lugar en la sala \u201cGonzalo Pic\u00f3n\u201d del Centro Cultural \u00abTulio Febres Cordero\u00bb en la ciudad de M\u00e9rida, donde se dieron cita varias agrupaciones corales con una variado repertorio que permiti\u00f3 reconocer, exaltar y homenajear a la Cantor\u00eda de M\u00e9rida, distinguida agrupaci\u00f3n adscrita a la Fundaci\u00f3n para el Desarrollo Cultural del estado M\u00e9rida (FUNDECEM), con medio siglo de constancia y legado musical.<\/span><\/p>\n<p>&nbsp;<\/p>\n<p style=\"font-weight: 400; text-align: justify;\"><span style=\"font-family: helvetica, arial, sans-serif; font-size: 18px;\">En este magno evento, compartieron el escenario con: el Coro Sinf\u00f3nico Regional, Coral Sensa Misura, Coral APULA, Coral Amador L\u00f3pez Rivera, Coral Ateneo de Ejido y como invitado especial, el Coro de la Universidad Industrial de Santander \u00a0de Colombia.<\/span><\/p>\n<p>&nbsp;<\/p>\n<p style=\"font-weight: 400; text-align: justify;\"><span style=\"font-family: helvetica, arial, sans-serif; font-size: 18px;\">Un poco de historia, la Cantor\u00eda de M\u00e9rida, fue fundada en en el a\u00f1o 1975 por Rub\u00e9n Rivas, es una agrupaci\u00f3n coral venezolana con una gran trayectoria en la difusi\u00f3n de la m\u00fasica venezolana y latinoamericana. La coral est\u00e1 adscrita a la gobernaci\u00f3n del estado M\u00e9rida y cuenta con diferentes agrupaciones incluyendo las cantor\u00edas inicial, infantil y juvenil.<\/span><\/p>\n","protected":false},"excerpt":{"rendered":"<p>*** Durante el encuentro de coros, \u00a0la agrupaci\u00f3n del Inces, tuvo una magn\u00edfica participaci\u00f3n en el concierto n\u00famero tres, de una semana llena de actividades en homenaje a la Cantor\u00eda<\/p>\n","protected":false},"author":15,"featured_media":65423,"comment_status":"closed","ping_status":"closed","sticky":false,"template":"","format":"standard","meta":{"footnotes":""},"categories":[2],"tags":[],"class_list":["post-65421","post","type-post","status-publish","format-standard","has-post-thumbnail","hentry","category-blog"],"_links":{"self":[{"href":"https:\/\/inces.gob.ve\/index.php\/wp-json\/wp\/v2\/posts\/65421","targetHints":{"allow":["GET"]}}],"collection":[{"href":"https:\/\/inces.gob.ve\/index.php\/wp-json\/wp\/v2\/posts"}],"about":[{"href":"https:\/\/inces.gob.ve\/index.php\/wp-json\/wp\/v2\/types\/post"}],"author":[{"embeddable":true,"href":"https:\/\/inces.gob.ve\/index.php\/wp-json\/wp\/v2\/users\/15"}],"replies":[{"embeddable":true,"href":"https:\/\/inces.gob.ve\/index.php\/wp-json\/wp\/v2\/comments?post=65421"}],"version-history":[{"count":2,"href":"https:\/\/inces.gob.ve\/index.php\/wp-json\/wp\/v2\/posts\/65421\/revisions"}],"predecessor-version":[{"id":65425,"href":"https:\/\/inces.gob.ve\/index.php\/wp-json\/wp\/v2\/posts\/65421\/revisions\/65425"}],"wp:featuredmedia":[{"embeddable":true,"href":"https:\/\/inces.gob.ve\/index.php\/wp-json\/wp\/v2\/media\/65423"}],"wp:attachment":[{"href":"https:\/\/inces.gob.ve\/index.php\/wp-json\/wp\/v2\/media?parent=65421"}],"wp:term":[{"taxonomy":"category","embeddable":true,"href":"https:\/\/inces.gob.ve\/index.php\/wp-json\/wp\/v2\/categories?post=65421"},{"taxonomy":"post_tag","embeddable":true,"href":"https:\/\/inces.gob.ve\/index.php\/wp-json\/wp\/v2\/tags?post=65421"}],"curies":[{"name":"wp","href":"https:\/\/api.w.org\/{rel}","templated":true}]}}