{"id":65439,"date":"2025-07-28T14:23:35","date_gmt":"2025-07-28T18:23:35","guid":{"rendered":"https:\/\/inces.gob.ve\/?p=65439"},"modified":"2025-07-28T14:24:10","modified_gmt":"2025-07-28T18:24:10","slug":"aragua-conmemoramos-al-maestro-luis-beltran-prieto-figueroa-en-con-la-iniciativa-pinta-un-libro-en-la-pared","status":"publish","type":"post","link":"https:\/\/inces.gob.ve\/index.php\/2025\/07\/28\/aragua-conmemoramos-al-maestro-luis-beltran-prieto-figueroa-en-con-la-iniciativa-pinta-un-libro-en-la-pared\/","title":{"rendered":"ARAGUA | Conmemoramos al Maestro Luis Beltr\u00e1n Prieto Figueroa en con la iniciativa Pinta un Libro en la Pared"},"content":{"rendered":"<div dir=\"auto\" style=\"text-align: justify;\"><em><strong>*<span style=\"font-family: helvetica, arial, sans-serif; font-size: 18px;\">**Participaci\u00f3n actividad del PNA y espacios formativos<\/span><\/strong><\/em><span style=\"font-family: helvetica, arial, sans-serif; font-size: 18px;\">\u00a0<\/span><\/div>\n<p style=\"text-align: justify;\"><span style=\"font-family: helvetica, arial, sans-serif; font-size: 18px;\"><!--more--><\/span><\/p>\n<div dir=\"auto\" style=\"text-align: justify;\"><\/div>\n<div dir=\"auto\" style=\"text-align: justify;\"><\/div>\n<div dir=\"auto\" style=\"text-align: justify;\"><span style=\"font-family: helvetica, arial, sans-serif; font-size: 18px;\">ANA RODR\u00cdGUEZ<\/span><\/div>\n<div dir=\"auto\" style=\"text-align: justify;\"><\/div>\n<div dir=\"auto\" style=\"text-align: justify;\"><span style=\"font-family: helvetica, arial, sans-serif; font-size: 18px;\">El Instituto Nacional de Capacitaci\u00f3n y Educaci\u00f3n Socialista Inces de la Regi\u00f3n Aragua llev\u00f3 a cabo la iniciativa Pinta un Libro en la Pared. Esta actividad se realiz\u00f3 en homenaje al legado y la trayectoria del insigne pedagogo Luis Beltr\u00e1n Prieto Figueroa, reafirmando el compromiso institucional con los principios de la formaci\u00f3n integral.<\/span><\/div>\n<div dir=\"auto\"><\/div>\n<div dir=\"auto\"><\/div>\n<div dir=\"auto\"><img loading=\"lazy\" decoding=\"async\" class=\"aligncenter wp-image-65441 size-full\" src=\"https:\/\/inces.gob.ve\/wp-content\/uploads\/2025\/07\/1000514696-e1753726802120.jpg\" alt=\"\" width=\"800\" height=\"600\" \/><\/div>\n<div dir=\"auto\" style=\"text-align: justify;\"><\/div>\n<div dir=\"auto\" style=\"text-align: justify;\"><\/div>\n<div dir=\"auto\" style=\"text-align: justify;\"><span style=\"font-family: helvetica, arial, sans-serif; font-size: 18px;\">La jornada cont\u00f3 con la activa participaci\u00f3n de aprendices del Ptograma Nacional de Aprendizaje de diversas especialidades, entre ellas secretariado administrativo y electr\u00f3nica industrial. Estos j\u00f3venes provienen de distintos Centros de Formaci\u00f3n Socialista (CFS) tales como Comercial Maracay, MetalMinero Maracay, la Instancia Organizativa Grupo Social Aprenda, Henri Pittier y Cedae. Su compromiso subraya el enfoque de la propuesta educativa del Inces y su alcance en la comunidad formativa.<\/span><\/div>\n<div dir=\"auto\"><\/div>\n<div dir=\"auto\" style=\"text-align: justify;\"><\/div>\n<div dir=\"auto\" style=\"text-align: justify;\"><img loading=\"lazy\" decoding=\"async\" class=\"aligncenter wp-image-65442 \" src=\"https:\/\/inces.gob.ve\/wp-content\/uploads\/2025\/07\/1000514692.jpg\" alt=\"\" width=\"592\" height=\"835\" srcset=\"https:\/\/inces.gob.ve\/wp-content\/uploads\/2025\/07\/1000514692.jpg 766w, https:\/\/inces.gob.ve\/wp-content\/uploads\/2025\/07\/1000514692-213x300.jpg 213w, https:\/\/inces.gob.ve\/wp-content\/uploads\/2025\/07\/1000514692-726x1024.jpg 726w\" sizes=\"auto, (max-width: 592px) 100vw, 592px\" \/><\/div>\n<div dir=\"auto\" style=\"text-align: justify;\"><\/div>\n<div dir=\"auto\" style=\"text-align: justify;\"><span style=\"font-family: helvetica, arial, sans-serif; font-size: 18px;\">Pinta un Libro en la Pares trascendi\u00f3 la expresi\u00f3n art\u00edstica, constituy\u00e9ndose en un espacio de reflexi\u00f3n sobre la importancia de la educaci\u00f3n y el ideario de Prieto Figueroa. Los participantes, a trav\u00e9s de su creatividad, materializaron conceptos y fortalecieron valores esenciales como la dedicaci\u00f3n y el aprendizaje continuo.\u00a0<\/span><\/div>\n<div dir=\"auto\"><\/div>\n<div dir=\"auto\" style=\"text-align: justify;\"><\/div>\n<div dir=\"auto\" style=\"text-align: justify;\"><img loading=\"lazy\" decoding=\"async\" class=\"aligncenter wp-image-65440 size-full\" src=\"https:\/\/inces.gob.ve\/wp-content\/uploads\/2025\/07\/1000515061-e1753726877615.jpg\" alt=\"\" width=\"377\" height=\"510\" srcset=\"https:\/\/inces.gob.ve\/wp-content\/uploads\/2025\/07\/1000515061-e1753726877615.jpg 377w, https:\/\/inces.gob.ve\/wp-content\/uploads\/2025\/07\/1000515061-e1753726877615-222x300.jpg 222w\" sizes=\"auto, (max-width: 377px) 100vw, 377px\" \/><\/div>\n<div dir=\"auto\" style=\"text-align: justify;\"><\/div>\n<div dir=\"auto\" style=\"text-align: justify;\"><span style=\"font-family: helvetica, arial, sans-serif; font-size: 18px;\">Esta iniciativa, alineada con las directrices de la Gerencia General de Investigaci\u00f3n y Desarrollo del Inces, no solo honr\u00f3 la memoria del maestro, sino que tambi\u00e9n reafirm\u00f3 el papel fundamental del Inces en la promoci\u00f3n del desarrollo educativo en la regi\u00f3n Inces regi\u00f3n Aragua. Venezuela.<\/span><\/div>\n<div class=\"yj6qo\" style=\"text-align: justify;\"><\/div>\n<div class=\"adL\" dir=\"auto\"><\/div>\n","protected":false},"excerpt":{"rendered":"<p>***Participaci\u00f3n actividad del PNA y espacios formativos\u00a0<\/p>\n","protected":false},"author":15,"featured_media":65443,"comment_status":"closed","ping_status":"closed","sticky":false,"template":"","format":"standard","meta":{"footnotes":""},"categories":[2],"tags":[],"class_list":["post-65439","post","type-post","status-publish","format-standard","has-post-thumbnail","hentry","category-blog"],"_links":{"self":[{"href":"https:\/\/inces.gob.ve\/index.php\/wp-json\/wp\/v2\/posts\/65439","targetHints":{"allow":["GET"]}}],"collection":[{"href":"https:\/\/inces.gob.ve\/index.php\/wp-json\/wp\/v2\/posts"}],"about":[{"href":"https:\/\/inces.gob.ve\/index.php\/wp-json\/wp\/v2\/types\/post"}],"author":[{"embeddable":true,"href":"https:\/\/inces.gob.ve\/index.php\/wp-json\/wp\/v2\/users\/15"}],"replies":[{"embeddable":true,"href":"https:\/\/inces.gob.ve\/index.php\/wp-json\/wp\/v2\/comments?post=65439"}],"version-history":[{"count":1,"href":"https:\/\/inces.gob.ve\/index.php\/wp-json\/wp\/v2\/posts\/65439\/revisions"}],"predecessor-version":[{"id":65444,"href":"https:\/\/inces.gob.ve\/index.php\/wp-json\/wp\/v2\/posts\/65439\/revisions\/65444"}],"wp:featuredmedia":[{"embeddable":true,"href":"https:\/\/inces.gob.ve\/index.php\/wp-json\/wp\/v2\/media\/65443"}],"wp:attachment":[{"href":"https:\/\/inces.gob.ve\/index.php\/wp-json\/wp\/v2\/media?parent=65439"}],"wp:term":[{"taxonomy":"category","embeddable":true,"href":"https:\/\/inces.gob.ve\/index.php\/wp-json\/wp\/v2\/categories?post=65439"},{"taxonomy":"post_tag","embeddable":true,"href":"https:\/\/inces.gob.ve\/index.php\/wp-json\/wp\/v2\/tags?post=65439"}],"curies":[{"name":"wp","href":"https:\/\/api.w.org\/{rel}","templated":true}]}}