{"id":65445,"date":"2025-07-28T14:27:49","date_gmt":"2025-07-28T18:27:49","guid":{"rendered":"https:\/\/inces.gob.ve\/?p=65445"},"modified":"2025-07-28T16:19:04","modified_gmt":"2025-07-28T20:19:04","slug":"guarico-inces-fortalece-habilidades-comunicacionales-en-trabajadores-del-instituto-de-vivienda-y-habitat","status":"publish","type":"post","link":"https:\/\/inces.gob.ve\/index.php\/2025\/07\/28\/guarico-inces-fortalece-habilidades-comunicacionales-en-trabajadores-del-instituto-de-vivienda-y-habitat\/","title":{"rendered":"GU\u00c1RICO | Inces fortalece habilidades comunicacionales en trabajadores del Instituto de Vivienda y H\u00e1bitat"},"content":{"rendered":"<p style=\"font-weight: 400; text-align: justify;\"><span style=\"font-family: helvetica, arial, sans-serif; font-size: 18px;\"><em><strong>**Esta iniciativa forma parte de la estrategia del Inces para promover el desarrollo humano y profesional dentro de las entidades de trabajo<\/strong><\/em><!--more--><\/span><\/p>\n<p>&nbsp;<\/p>\n<p style=\"font-weight: 400; text-align: justify;\"><span style=\"font-family: helvetica, arial, sans-serif; font-size: 18px;\"><strong>MARIA SANTIAGO<\/strong><\/span><\/p>\n<p style=\"font-weight: 400; text-align: justify;\"><span style=\"font-family: helvetica, arial, sans-serif; font-size: 18px;\">En el marco de la articulaci\u00f3n con las entidades de trabajo, el Instituto Nacional de Capacitaci\u00f3n y Educaci\u00f3n Socialista (Inces) desarrolla una formaci\u00f3n en Oratoria en los espacios del Instituto Aut\u00f3nomo de la Vivienda y H\u00e1bitat del estado Gu\u00e1rico, con el objetivo de potenciar las capacidades comunicacionales de sus trabajadoras y trabajadores.<\/span><\/p>\n<p style=\"font-weight: 400; text-align: justify;\"><span style=\"font-family: helvetica, arial, sans-serif; font-size: 18px;\">La formaci\u00f3n, dirigida por la maestra t\u00e9cnica productiva Yubraska Rodr\u00edguez, est\u00e1 orientada al desarrollo de competencias como el dominio del habla en p\u00fablico, el manejo del miedo esc\u00e9nico y el fortalecimiento del liderazgo a trav\u00e9s de t\u00e9cnicas verbales y no verbales.<\/span><\/p>\n<p style=\"font-weight: 400; text-align: justify;\"><span style=\"font-family: helvetica, arial, sans-serif; font-size: 18px;\">\u00abLa oratoria no es solo hablar bien, es saber transmitir ideas con claridad, seguridad y empat\u00eda. Esta formaci\u00f3n busca que cada participante descubra su voz como herramienta de transformaci\u00f3n personal y profesional\u201d, expres\u00f3 Rodr\u00edguez.<\/span><\/p>\n<p style=\"font-weight: 400; text-align: justify;\"><span style=\"font-family: helvetica, arial, sans-serif; font-size: 18px;\">Durante las clases, se han abordado din\u00e1micas pr\u00e1cticas que permiten a las y los participantes reconocer sus fortalezas comunicativas, mejorar la postura corporal, modular la voz y construir discursos efectivos para diversos contextos laborales.<\/span><\/p>\n<p style=\"font-weight: 400; text-align: justify;\"><span style=\"font-family: helvetica, arial, sans-serif; font-size: 18px;\">Uno de los participantes, Jos\u00e9 Gregorio Rivas, destac\u00f3 el impacto positivo de la experiencia; \u00abNunca imagin\u00e9 que hablar en p\u00fablico pudiera convertirse en una fortaleza. Gracias al Inces, hoy me siento m\u00e1s seguro para expresar mis ideas y asumir nuevos retos dentro de mi instituci\u00f3n.\u201d<\/span><\/p>\n<p style=\"font-weight: 400; text-align: justify;\"><span style=\"font-family: helvetica, arial, sans-serif; font-size: 18px;\">Con acciones como esta, el Inces reafirma su compromiso con la transformaci\u00f3n del modelo formativo, colocando al ser humano como centro de la educaci\u00f3n productiva y liberadora.<\/span><\/p>\n","protected":false},"excerpt":{"rendered":"<p>**Esta iniciativa forma parte de la estrategia del Inces para promover el desarrollo humano y profesional dentro de las entidades de trabajo<\/p>\n","protected":false},"author":15,"featured_media":64818,"comment_status":"closed","ping_status":"closed","sticky":false,"template":"","format":"standard","meta":{"footnotes":""},"categories":[2],"tags":[],"class_list":["post-65445","post","type-post","status-publish","format-standard","has-post-thumbnail","hentry","category-blog"],"_links":{"self":[{"href":"https:\/\/inces.gob.ve\/index.php\/wp-json\/wp\/v2\/posts\/65445","targetHints":{"allow":["GET"]}}],"collection":[{"href":"https:\/\/inces.gob.ve\/index.php\/wp-json\/wp\/v2\/posts"}],"about":[{"href":"https:\/\/inces.gob.ve\/index.php\/wp-json\/wp\/v2\/types\/post"}],"author":[{"embeddable":true,"href":"https:\/\/inces.gob.ve\/index.php\/wp-json\/wp\/v2\/users\/15"}],"replies":[{"embeddable":true,"href":"https:\/\/inces.gob.ve\/index.php\/wp-json\/wp\/v2\/comments?post=65445"}],"version-history":[{"count":1,"href":"https:\/\/inces.gob.ve\/index.php\/wp-json\/wp\/v2\/posts\/65445\/revisions"}],"predecessor-version":[{"id":65446,"href":"https:\/\/inces.gob.ve\/index.php\/wp-json\/wp\/v2\/posts\/65445\/revisions\/65446"}],"wp:featuredmedia":[{"embeddable":true,"href":"https:\/\/inces.gob.ve\/index.php\/wp-json\/wp\/v2\/media\/64818"}],"wp:attachment":[{"href":"https:\/\/inces.gob.ve\/index.php\/wp-json\/wp\/v2\/media?parent=65445"}],"wp:term":[{"taxonomy":"category","embeddable":true,"href":"https:\/\/inces.gob.ve\/index.php\/wp-json\/wp\/v2\/categories?post=65445"},{"taxonomy":"post_tag","embeddable":true,"href":"https:\/\/inces.gob.ve\/index.php\/wp-json\/wp\/v2\/tags?post=65445"}],"curies":[{"name":"wp","href":"https:\/\/api.w.org\/{rel}","templated":true}]}}