{"id":65492,"date":"2025-06-05T13:23:09","date_gmt":"2025-06-05T17:23:09","guid":{"rendered":"https:\/\/inces.gob.ve\/?p=65492"},"modified":"2025-07-31T13:24:12","modified_gmt":"2025-07-31T17:24:12","slug":"aragua-inces-concluye-exitosamente-entrega-de-378-certificados-en-diferentes-perfiles-productivos","status":"publish","type":"post","link":"https:\/\/inces.gob.ve\/index.php\/2025\/06\/05\/aragua-inces-concluye-exitosamente-entrega-de-378-certificados-en-diferentes-perfiles-productivos\/","title":{"rendered":"ARAGUA | Inces concluye exitosamente entrega de 378 certificados en diferentes perfiles productivos"},"content":{"rendered":"<p style=\"text-align: justify;\"><span style=\"font-family: helvetica, arial, sans-serif; font-size: 18px;\"><em><strong>**Arag\u00fce\u00f1os y arag\u00fce\u00f1os recibieron sus certificados en diversas \u00e1reas productivas, fortaleciendo el desarrollo econ\u00f3mico regional<\/strong><\/em><!--more--><\/span><\/p>\n<p>&nbsp;<\/p>\n<p>&nbsp;<\/p>\n<p style=\"text-align: justify;\"><strong><span style=\"font-family: helvetica, arial, sans-serif; font-size: 18px;\">NINOSKA PATRIZ<\/span><\/strong><\/p>\n<p style=\"text-align: justify;\">\n<p style=\"text-align: justify;\">\n<p style=\"text-align: justify;\"><span style=\"font-family: helvetica, arial, sans-serif; font-size: 18px;\">Desde el auditorio \u00abSim\u00f3n Bol\u00edvar\u00bb, el Instituto Nacional de Capacitaci\u00f3n y Educaci\u00f3n Socialista (Inces) Aragua llev\u00f3 a cabo una significativa entrega de 378 certificados a 113 participantes, consolidando su compromiso con la formaci\u00f3n productiva en la regi\u00f3n.<\/span><\/p>\n<p style=\"text-align: justify;\">\n<p>&nbsp;<\/p>\n<p style=\"text-align: justify;\"><span style=\"font-family: helvetica, arial, sans-serif; font-size: 18px;\">La jornada cont\u00f3 con la distinguida presencia de Yindred Fuentes, jefa del CFS Programa Turismo; Isbelia Marquina, jefa de Inform\u00e1tica y Prensa, en representaci\u00f3n de la Gerencia de Inces Aragua; Elizabeth S\u00e1nchez, jefa de \u00c1mbito Comunas; y David \u00c1valos, jefe del CFS Comercial Maracay.<\/span><\/p>\n<p style=\"text-align: justify;\">\n<p>&nbsp;<\/p>\n<p style=\"text-align: justify;\"><span style=\"font-family: helvetica, arial, sans-serif; font-size: 18px;\">Por su part loe, el \u00e1rea de Gastronom\u00eda estuvo representada por la chef Rhonnyris Trejo, la chef Jacqueline Brito, y tambi\u00e9n estuvo presente Sujey Colmenares, maestra t\u00e9cnica productiva de la formaci\u00f3n Gu\u00eda de Baja y Media Monta\u00f1a. Los perfiles productivos certificados incluyeron Panader\u00eda, Reposter\u00eda y Pasteler\u00eda, Servicio de Bartender y Gu\u00eda de Turismo de Baja y Media Monta\u00f1a.<\/span><\/p>\n<p style=\"text-align: justify;\"><span style=\"font-family: helvetica, arial, sans-serif; font-size: 18px;\">\u00a0<\/span><\/p>\n<p style=\"text-align: justify;\">\n<p style=\"text-align: justify;\"><span style=\"font-family: helvetica, arial, sans-serif; font-size: 18px;\">Para finalizar la emotiva ceremonia, las participantes Georgina Flores y Yelitce Infantes ofrecieron palabras de agradecimiento y motivaci\u00f3n, destacando el impacto positivo de la capacitaci\u00f3n en sus vidas.<\/span><\/p>\n","protected":false},"excerpt":{"rendered":"<p>**Arag\u00fce\u00f1os y arag\u00fce\u00f1os recibieron sus certificados en diversas \u00e1reas productivas, fortaleciendo el desarrollo econ\u00f3mico regional<\/p>\n","protected":false},"author":4,"featured_media":65493,"comment_status":"closed","ping_status":"closed","sticky":false,"template":"","format":"standard","meta":{"footnotes":""},"categories":[2],"tags":[],"class_list":["post-65492","post","type-post","status-publish","format-standard","has-post-thumbnail","hentry","category-blog"],"_links":{"self":[{"href":"https:\/\/inces.gob.ve\/index.php\/wp-json\/wp\/v2\/posts\/65492","targetHints":{"allow":["GET"]}}],"collection":[{"href":"https:\/\/inces.gob.ve\/index.php\/wp-json\/wp\/v2\/posts"}],"about":[{"href":"https:\/\/inces.gob.ve\/index.php\/wp-json\/wp\/v2\/types\/post"}],"author":[{"embeddable":true,"href":"https:\/\/inces.gob.ve\/index.php\/wp-json\/wp\/v2\/users\/4"}],"replies":[{"embeddable":true,"href":"https:\/\/inces.gob.ve\/index.php\/wp-json\/wp\/v2\/comments?post=65492"}],"version-history":[{"count":2,"href":"https:\/\/inces.gob.ve\/index.php\/wp-json\/wp\/v2\/posts\/65492\/revisions"}],"predecessor-version":[{"id":65510,"href":"https:\/\/inces.gob.ve\/index.php\/wp-json\/wp\/v2\/posts\/65492\/revisions\/65510"}],"wp:featuredmedia":[{"embeddable":true,"href":"https:\/\/inces.gob.ve\/index.php\/wp-json\/wp\/v2\/media\/65493"}],"wp:attachment":[{"href":"https:\/\/inces.gob.ve\/index.php\/wp-json\/wp\/v2\/media?parent=65492"}],"wp:term":[{"taxonomy":"category","embeddable":true,"href":"https:\/\/inces.gob.ve\/index.php\/wp-json\/wp\/v2\/categories?post=65492"},{"taxonomy":"post_tag","embeddable":true,"href":"https:\/\/inces.gob.ve\/index.php\/wp-json\/wp\/v2\/tags?post=65492"}],"curies":[{"name":"wp","href":"https:\/\/api.w.org\/{rel}","templated":true}]}}