{"id":65516,"date":"2025-06-28T13:36:11","date_gmt":"2025-06-28T17:36:11","guid":{"rendered":"https:\/\/inces.gob.ve\/?p=65516"},"modified":"2025-07-31T14:06:59","modified_gmt":"2025-07-31T18:06:59","slug":"inces-se-incorpora-al-operativo-caracas-sonrie-en-las-22-parroquias-de-la-ciudad","status":"publish","type":"post","link":"https:\/\/inces.gob.ve\/index.php\/2025\/06\/28\/inces-se-incorpora-al-operativo-caracas-sonrie-en-las-22-parroquias-de-la-ciudad\/","title":{"rendered":"Inces se incorpora al Operativo Caracas Sonr\u00ede en las 22 parroquias de la ciudad"},"content":{"rendered":"<p style=\"text-align: justify;\" align=\"center\"><strong><span style=\"font-family: helvetica, arial, sans-serif; font-size: 18px;\"><i>** Se trata de una iniciativa de democracia participativa impulsada por la alcald\u00eda de Caracas para escuchar las propuestas del pueblo desarrolladas en mesas de trabajo<\/i><\/span><\/strong><!--more--><\/p>\n<p align=\"justify\">\n<p style=\"text-align: justify;\" align=\"justify\"><span style=\"font-family: helvetica, arial, sans-serif; font-size: 18px;\">En esta oportunidad el Inces ofreci\u00f3 su experiencia como entidad para la formaci\u00f3n t\u00e9cnica profesional a las comunidades asentadas en el eje Valle-Coche-La Rinconada-Las Mayas en un operativo de abordaje y de atenci\u00f3n al pueblo organizado donde estuvo el propio presidente de la instituci\u00f3n Wuikelman Angel Paredes.<\/span><\/p>\n<p align=\"justify\">\n<p style=\"text-align: justify;\" align=\"justify\"><span style=\"font-family: helvetica, arial, sans-serif; font-size: 18px;\">El titular del Inces fue entrevistado por Venezolana de Televisi\u00f3n se\u00f1alando que trata de una interesante metodolog\u00eda que la alcaldesa Carmen Mel\u00e9ndez est\u00e1 impulsando que \u201csignifica escuchar al pueblo, a las comunas, en un ejercicio de democracia, porque de este contacto salen las agendas concretas de acci\u00f3n, los principales problemas que el pueblo plantea desde el esquema del Plan de las 7 Transformaciones\u201d.<\/span><\/p>\n<p align=\"justify\">\n<p align=\"justify\"><img loading=\"lazy\" decoding=\"async\" class=\"aligncenter wp-image-65519 size-full\" src=\"https:\/\/inces.gob.ve\/wp-content\/uploads\/2025\/07\/Captura-de-pantalla-2025-07-31-133953-1.png\" alt=\"\" width=\"585\" height=\"425\" srcset=\"https:\/\/inces.gob.ve\/wp-content\/uploads\/2025\/07\/Captura-de-pantalla-2025-07-31-133953-1.png 585w, https:\/\/inces.gob.ve\/wp-content\/uploads\/2025\/07\/Captura-de-pantalla-2025-07-31-133953-1-300x218.png 300w\" sizes=\"auto, (max-width: 585px) 100vw, 585px\" \/><\/p>\n<p style=\"text-align: justify;\" align=\"justify\"><span style=\"font-family: helvetica, arial, sans-serif; font-size: 18px;\">\u201cEs un ejercicio bien interesante porque el pueblo asume las siete transformaciones desde un espacio concreto de acci\u00f3n, es por ello que en las mesas hemos encontrado que de cada problema hay una soluci\u00f3n propuesta por la comunidad; propuestas que tienen que ver con lo que el Inces desarrolla, desde la formaci\u00f3n t\u00e9cnica para el trabajo, hasta la experiencia metod\u00f3logca en beneficio de proyectos impulsados por la comunidad\u201d.<\/span><\/p>\n<p style=\"text-align: justify;\"><span style=\"font-family: helvetica, arial, sans-serif; font-size: 18px;\">En este operativo en Inces est\u00e1 proponiendo la metodolog\u00eda de proyectos, una estrategia de trabajo que se desarrolla desde un espacio en concreto, para que la formaci\u00f3n sea la que la comuna solicite, esto para no salir con una oferta que la comunidad no requiera.<\/span><\/p>\n<p>&nbsp;<\/p>\n<p>&nbsp;<\/p>\n<p style=\"text-align: justify;\" align=\"justify\"><span style=\"font-family: helvetica, arial, sans-serif; font-size: 18px;\">\u201cNosotros aplaudimos estos encuentros propuestos por la alcaldesa, porque permite escuchar y desarrollar la soluci\u00f3n, y tambi\u00e9n porque se trata de una formaci\u00f3n que est\u00e1 orientada para lo productivo, ya que para superar el modelo rentista, debemos proponer la construcci\u00f3n de un modelo productivo diversificado donde las comunidades tienen mucho que ofrecer a los eslabones de la cadena productiva\u201d, dijo el presidente.<\/span><\/p>\n<p style=\"text-align: justify;\" align=\"justify\"><span style=\"font-family: helvetica, arial, sans-serif; font-size: 18px;\">Asimismo, el titular del Inces invit\u00f3 a las dem\u00e1s instituciones para que se sumen a esta metodolog\u00eda en funci\u00f3n de escuchar las soluciones que el pueblo est\u00e1 planteando y desarrollando y que se expresa con mucha claridad en cada una de las exposiciones.<\/span><\/p>\n<p style=\"text-align: justify;\" align=\"justify\"><span style=\"font-family: helvetica, arial, sans-serif; font-size: 18px;\">\u201cDesde este operativo, estamos aprovechando la ocasi\u00f3n para promover toda la oferta formativa del Inces: los programas de formaci\u00f3n profesional, el Programa Nacional de Aprendices, Bachillerato Productivo, Formaci\u00f3n de Formadores, el Programa de Emprendedores, la promocui\u00f3n de las distintas escuelas, que es una iniciativa que hemos construido con la mano del pueblo y en funci\u00f3n de lo que hemos venido planteando y que la representa la Escuela de Medios, la de emprendedores, la escuela de textil, la del \u00e1rea industrial, en fin, se trata de una extraordinaria metodolog\u00eda que se viene alimentando de los aportes que hacen las comunidades en estos despliegues\u201d.<\/span><\/p>\n<p style=\"text-align: justify;\" align=\"justify\"><span style=\"font-family: helvetica, arial, sans-serif; font-size: 18px;\">En el contacto con VTV Angel Paredes dijo que es muy importante la capacidad que tiene el pueblo para proponer proyectos para el emprendimiento, \u201cson muchos las iniciativas que aportan a todo el \u00e1mbito econ\u00f3mico, en todas las \u00e1reas de la producci\u00f3n y servicios como la gastronom\u00eda, la construcci\u00f3n y reparaci\u00f3n, mantenimiento, electricidad, electr\u00f3nica, turismo\u201d.<\/span><\/p>\n<p style=\"text-align: justify;\" align=\"justify\"><span style=\"font-family: helvetica, arial, sans-serif; font-size: 18px;\">\u201cLa juventud est\u00e1 haciendo aportes en el \u00e1rea de la comunicaci\u00f3n digital, el dominio, de las habilidades y destrezas que corresponden con el sector de la comunicaci\u00f3n, muy importante en este tiempo de la inteligencia artificial.<\/span><\/p>\n<p style=\"text-align: justify;\" align=\"justify\"><span style=\"font-family: helvetica, arial, sans-serif; font-size: 18px;\">Para cerrar Angel Paredes expreso\u00f3 que el Inces est\u00e1 abriendo mesas de trabajo en las comunidades para incorporar procesos de construcci\u00f3n de nuevos corriculos, de nuevos contenidos, \u201cpara este prop\u00f3sito contamos con los saberes del pueblo que son los portadores de sabidur\u00eda, del conocimiento, simplemente la instituci\u00f3n es un facilitador de esa gran capacidad que tiene el pueblo que la ha demostrado incluso en los tiempos dif\u00edciles\u201d.<\/span><\/p>\n","protected":false},"excerpt":{"rendered":"<p>** Se trata de una iniciativa de democracia participativa impulsada por la alcald\u00eda de Caracas para escuchar las propuestas del pueblo desarrolladas en mesas de trabajo<\/p>\n","protected":false},"author":4,"featured_media":65518,"comment_status":"closed","ping_status":"closed","sticky":false,"template":"","format":"standard","meta":{"footnotes":""},"categories":[2],"tags":[],"class_list":["post-65516","post","type-post","status-publish","format-standard","has-post-thumbnail","hentry","category-blog"],"_links":{"self":[{"href":"https:\/\/inces.gob.ve\/index.php\/wp-json\/wp\/v2\/posts\/65516","targetHints":{"allow":["GET"]}}],"collection":[{"href":"https:\/\/inces.gob.ve\/index.php\/wp-json\/wp\/v2\/posts"}],"about":[{"href":"https:\/\/inces.gob.ve\/index.php\/wp-json\/wp\/v2\/types\/post"}],"author":[{"embeddable":true,"href":"https:\/\/inces.gob.ve\/index.php\/wp-json\/wp\/v2\/users\/4"}],"replies":[{"embeddable":true,"href":"https:\/\/inces.gob.ve\/index.php\/wp-json\/wp\/v2\/comments?post=65516"}],"version-history":[{"count":3,"href":"https:\/\/inces.gob.ve\/index.php\/wp-json\/wp\/v2\/posts\/65516\/revisions"}],"predecessor-version":[{"id":65522,"href":"https:\/\/inces.gob.ve\/index.php\/wp-json\/wp\/v2\/posts\/65516\/revisions\/65522"}],"wp:featuredmedia":[{"embeddable":true,"href":"https:\/\/inces.gob.ve\/index.php\/wp-json\/wp\/v2\/media\/65518"}],"wp:attachment":[{"href":"https:\/\/inces.gob.ve\/index.php\/wp-json\/wp\/v2\/media?parent=65516"}],"wp:term":[{"taxonomy":"category","embeddable":true,"href":"https:\/\/inces.gob.ve\/index.php\/wp-json\/wp\/v2\/categories?post=65516"},{"taxonomy":"post_tag","embeddable":true,"href":"https:\/\/inces.gob.ve\/index.php\/wp-json\/wp\/v2\/tags?post=65516"}],"curies":[{"name":"wp","href":"https:\/\/api.w.org\/{rel}","templated":true}]}}