{"id":65557,"date":"2025-08-01T11:13:04","date_gmt":"2025-08-01T15:13:04","guid":{"rendered":"https:\/\/inces.gob.ve\/?p=65557"},"modified":"2025-08-01T11:24:29","modified_gmt":"2025-08-01T15:24:29","slug":"yaracuy-cocineras-de-la-patria-aprenden-tecnicas-para-mejorar-destrezas-en-preparacion-de-alimentos","status":"publish","type":"post","link":"https:\/\/inces.gob.ve\/index.php\/2025\/08\/01\/yaracuy-cocineras-de-la-patria-aprenden-tecnicas-para-mejorar-destrezas-en-preparacion-de-alimentos\/","title":{"rendered":"YARACUY | Cocineras de la Patria aprenden t\u00e9cnicas para mejorar destrezas en preparaci\u00f3n de alimentos"},"content":{"rendered":"<p style=\"font-weight: 400; text-align: justify;\"><span style=\"font-family: helvetica, arial, sans-serif; font-size: 18px;\"><em>***<strong> Las participantes aprenden t\u00e9cnicas que deben ser implementadas a la hora de preparar los alimentos del programa de alimentaci\u00f3n escolar<\/strong><\/em><!--more--><\/span><\/p>\n<p style=\"font-weight: 400; text-align: justify;\"><span style=\"font-family: helvetica, arial, sans-serif; font-size: 18px;\"><strong>YOLAICE VARGAS<\/strong><\/span><\/p>\n<p style=\"font-weight: 400; text-align: justify;\"><span style=\"font-family: helvetica, arial, sans-serif; font-size: 18px;\">Las cocineras de la patria adscritas a la Corporaci\u00f3n Nacional de Alimentaci\u00f3n Escolar (CNAE), se capacitan a trav\u00e9s del Instituto Nacional de Capacitaci\u00f3n y Educaci\u00f3n (Inces), regi\u00f3n Yaracuy.<\/span><\/p>\n<p>&nbsp;<\/p>\n<p><img loading=\"lazy\" decoding=\"async\" class=\"aligncenter wp-image-65560 size-full\" src=\"https:\/\/inces.gob.ve\/wp-content\/uploads\/2025\/08\/523063760_18092003983725909_8505776020032688625_n-e1754061063161.jpg\" alt=\"\" width=\"800\" height=\"493\" \/><\/p>\n<p style=\"font-weight: 400; text-align: justify;\"><span style=\"font-family: helvetica, arial, sans-serif; font-size: 18px;\">Las f\u00e9minas de los municipios Ar\u00edstides Bastidas y Bol\u00edvar reciben formaci\u00f3n de la mano de las maestras Victoria Gonz\u00e1lez, Nayleth Salcedo y el maestro Oscar Rea, respectivamente, quienes con diversas estrategias pedag\u00f3gicas y herramientas facilitan el aprendizaje de las diferentes t\u00e9cnicas que se deben emplear a la hora de preparar alimentos.<\/span><\/p>\n<p style=\"font-weight: 400; text-align: justify;\"><span style=\"font-family: helvetica, arial, sans-serif; font-size: 18px;\">Los instructores Inces imparten las unidades curriculares; Higiene y Manipulaci\u00f3n de Alimentos, Nutrici\u00f3n y Diet\u00e9tica, adem\u00e1s de la precauciones que se deben tener en cuenta en el \u00e1rea de trabajo, esto expl\u00edcito en la unidad curricular Higiene y Seguridad Salud Laboral.<\/span><\/p>\n<p>&nbsp;<\/p>\n<p><img loading=\"lazy\" decoding=\"async\" class=\"aligncenter wp-image-65559 size-full\" src=\"https:\/\/inces.gob.ve\/wp-content\/uploads\/2025\/08\/523520932_18092003974725909_1903253049035682082_n-e1754061126569.jpg\" alt=\"\" width=\"800\" height=\"411\" \/><\/p>\n<p style=\"font-weight: 400; text-align: justify;\"><span style=\"font-family: helvetica, arial, sans-serif; font-size: 18px;\">En total son 246 participantes, quienes aprenden t\u00e9cnicas esenciales que se deben implementar en las actividades propias que se desarrollan en el \u00e1rea de la cocina, de igual manera conocen c\u00f3mo pueden\u00a0\u00a0minimizar riesgos y factores de peligros que inciden en la salud de las cocineras.<\/span><\/p>\n<p>&nbsp;<\/p>\n<p style=\"font-weight: 400; text-align: justify;\"><span style=\"font-family: helvetica, arial, sans-serif; font-size: 18px;\"><strong>Formaci\u00f3n T\u00e9cnica Profesional<\/strong><\/span><\/p>\n<p style=\"font-weight: 400; text-align: justify;\"><span style=\"font-family: helvetica, arial, sans-serif; font-size: 18px;\">Es importante se\u00f1alar que la funci\u00f3n principal\u00a0\u00a0del Inces es, que los participantes obtengan conocimientos que les permita desarrollarse en una formaci\u00f3n t\u00e9cnica y profesional, reforzando conocimientos y aprendiendo t\u00e9cnicas nuevas que pueden implementar en sus jornadas laborales, recordando que la instituci\u00f3n se caracteriza por formar para responder a las demandas actuales de trabajo, a trav\u00e9s de los diferentes programas de estudios.<\/span><\/p>\n<p>&nbsp;<\/p>\n<p style=\"font-weight: 400; text-align: justify;\"><span style=\"font-family: helvetica, arial, sans-serif; font-size: 18px;\">En tal sentido, la intenci\u00f3n es que los participantes con las habilidades y conocimientos esenciales obtenidos en la instituci\u00f3n puedan incorporarse eficazmente al \u00e1mbito laboral, ya sea emple\u00e1ndose en diversos sectores productivos o impulsando sus propios proyectos de\u00a0<em>emprendimiento<\/em>.<\/span><\/p>\n","protected":false},"excerpt":{"rendered":"<p>*** Las participantes aprenden t\u00e9cnicas que deben ser implementadas a la hora de preparar los alimentos del programa de alimentaci\u00f3n escolar<\/p>\n","protected":false},"author":15,"featured_media":65558,"comment_status":"closed","ping_status":"closed","sticky":false,"template":"","format":"standard","meta":{"footnotes":""},"categories":[2],"tags":[],"class_list":["post-65557","post","type-post","status-publish","format-standard","has-post-thumbnail","hentry","category-blog"],"_links":{"self":[{"href":"https:\/\/inces.gob.ve\/index.php\/wp-json\/wp\/v2\/posts\/65557","targetHints":{"allow":["GET"]}}],"collection":[{"href":"https:\/\/inces.gob.ve\/index.php\/wp-json\/wp\/v2\/posts"}],"about":[{"href":"https:\/\/inces.gob.ve\/index.php\/wp-json\/wp\/v2\/types\/post"}],"author":[{"embeddable":true,"href":"https:\/\/inces.gob.ve\/index.php\/wp-json\/wp\/v2\/users\/15"}],"replies":[{"embeddable":true,"href":"https:\/\/inces.gob.ve\/index.php\/wp-json\/wp\/v2\/comments?post=65557"}],"version-history":[{"count":2,"href":"https:\/\/inces.gob.ve\/index.php\/wp-json\/wp\/v2\/posts\/65557\/revisions"}],"predecessor-version":[{"id":65562,"href":"https:\/\/inces.gob.ve\/index.php\/wp-json\/wp\/v2\/posts\/65557\/revisions\/65562"}],"wp:featuredmedia":[{"embeddable":true,"href":"https:\/\/inces.gob.ve\/index.php\/wp-json\/wp\/v2\/media\/65558"}],"wp:attachment":[{"href":"https:\/\/inces.gob.ve\/index.php\/wp-json\/wp\/v2\/media?parent=65557"}],"wp:term":[{"taxonomy":"category","embeddable":true,"href":"https:\/\/inces.gob.ve\/index.php\/wp-json\/wp\/v2\/categories?post=65557"},{"taxonomy":"post_tag","embeddable":true,"href":"https:\/\/inces.gob.ve\/index.php\/wp-json\/wp\/v2\/tags?post=65557"}],"curies":[{"name":"wp","href":"https:\/\/api.w.org\/{rel}","templated":true}]}}