{"id":65801,"date":"2025-08-08T16:34:20","date_gmt":"2025-08-08T20:34:20","guid":{"rendered":"https:\/\/inces.gob.ve\/?p=65801"},"modified":"2025-08-08T16:35:57","modified_gmt":"2025-08-08T20:35:57","slug":"inces-amazonas-avanza-hacia-la-metodologia-dual-para-la-transformacion-del-pna","status":"publish","type":"post","link":"https:\/\/inces.gob.ve\/index.php\/2025\/08\/08\/inces-amazonas-avanza-hacia-la-metodologia-dual-para-la-transformacion-del-pna\/","title":{"rendered":"Inces Amazonas avanza hacia la metodolog\u00eda dual para la transformaci\u00f3n del PNA"},"content":{"rendered":"<p style=\"text-align: justify;\"><span style=\"font-family: helvetica, arial, sans-serif; font-size: 18px;\"><em><strong>** En un encuentro realizado en las instalaciones del Centro de Formaci\u00f3n Socialista (CFS) Cacique Aramare, se llev\u00f3 a cabo una importante jornada entre las entidades de trabajos que participan en programa nacional de aprendizaje (PNA) con el objetivo principal de dar a conocer \u00a0los nuevos lineamientos del Programa Nacional de Aprendizaje (PNA), orientados hacia su transformaci\u00f3n bajo la metodolog\u00eda dual.\u00a0<\/strong><\/em><\/span><\/p>\n<p style=\"text-align: justify;\"><span style=\"font-family: helvetica, arial, sans-serif; font-size: 18px;\"> <!--more--><\/span><\/p>\n<p>&nbsp;<\/p>\n<p style=\"text-align: justify;\"><span style=\"font-family: helvetica, arial, sans-serif; font-size: 18px;\"><strong>AMAZONAS | Incs<\/strong><\/span><\/p>\n<p style=\"text-align: justify;\"><span style=\"font-family: helvetica, arial, sans-serif; font-size: 18px;\">La actividad cont\u00f3 con la participaci\u00f3n de Yuslaisy Arena y Kelin Caballero por el Inces acompa\u00f1ados por representantes de las diversas organizaciones p\u00fablicas y privadas que conforman el sistema formativo del PNA, entre ellas encontramos: Alimentos Amazonas, Farma Amazonas, Asfaltos y Pavimentos Amazonas, Bloques y Agregados Amazonas, Servi Amazonas, Lubricantes Amazonas, Textiles Amazonas, Hidrol\u00f3gica de Amazonas, as\u00ed como las unidades educativas perteneciente a la Asociaci\u00f3n Venezolana de Escuelas Cat\u00f3licas (AVEC).<\/span><\/p>\n<p style=\"text-align: justify;\"><span style=\"font-family: helvetica, arial, sans-serif; font-size: 18px;\"><img loading=\"lazy\" decoding=\"async\" class=\"aligncenter wp-image-65803 size-full\" src=\"https:\/\/inces.gob.ve\/wp-content\/uploads\/2025\/08\/photo_2025-06-27_15-35-24-2-e1754685095398.jpg\" alt=\"\" width=\"800\" height=\"603\" \/><\/span><\/p>\n<p style=\"text-align: justify;\"><span style=\"font-family: helvetica, arial, sans-serif; font-size: 18px;\">En este encuentro se dieron a conocer los principios fundamentales del\u00a0<strong>plan de acci\u00f3n que guiar\u00e1 la transici\u00f3n hacia la metodolog\u00eda dual<\/strong>, el cual busca integrar de manera efectiva la formaci\u00f3n te\u00f3rico-pr\u00e1ctica en entornos reales de trabajo. Con el objetivo de mejorar las necesidad de formar aprendices con competencias ajustadas a las demandas productivos nacional, fomentando de esta manera un aprendizaje significativo.<\/span><\/p>\n<p>&nbsp;<\/p>\n<p style=\"text-align: justify;\"><span style=\"font-family: helvetica, arial, sans-serif; font-size: 18px;\"><img loading=\"lazy\" decoding=\"async\" class=\"aligncenter wp-image-65805 size-full\" src=\"https:\/\/inces.gob.ve\/wp-content\/uploads\/2025\/08\/photo_2025-06-27_15-35-22-e1754685136436.jpg\" alt=\"\" width=\"800\" height=\"561\" \/><\/span><\/p>\n<p style=\"text-align: justify;\"><span style=\"font-family: helvetica, arial, sans-serif; font-size: 18px;\">Asimismo, se aclararon dudas acerca de las\u00a0<strong>suspensiones temporales de la obligaci\u00f3n acumulada, la cual no<\/strong>\u00a0representa su eliminaci\u00f3n definitiva, sino que forma parte de un proceso de revisi\u00f3n profunda de acuerdo a su cumplimiento y aportes del empresariado, en funci\u00f3n de una adaptaci\u00f3n m\u00e1s efectiva a la din\u00e1mica actual del programa.<\/span><\/p>\n<p>&nbsp;<\/p>\n<p style=\"text-align: justify;\"><span style=\"font-family: helvetica, arial, sans-serif; font-size: 18px;\"><img loading=\"lazy\" decoding=\"async\" class=\"aligncenter wp-image-65804 size-full\" src=\"https:\/\/inces.gob.ve\/wp-content\/uploads\/2025\/08\/photo_2025-06-27_15-35-24-e1754685169339.jpg\" alt=\"\" width=\"800\" height=\"603\" \/><\/span><\/p>\n<p style=\"text-align: justify;\"><span style=\"font-family: helvetica, arial, sans-serif; font-size: 18px;\">El encuentro fue positivo parar los asistentes como un espacio de construcci\u00f3n colectiva, donde prevaleci\u00f3 el compromiso por fortalecer el modelo de aprendizaje productivo adaptados la adecuaci\u00f3n de los procesos pedag\u00f3gicos a la realidad socio productiva de la regi\u00f3n. La jornada concluy\u00f3 con el reconocimiento al rol protag\u00f3nico de las entidades de trabajo como piezas clave para el \u00e9xito del PNA, as\u00ed como el llamado a mantener canales de comunicaci\u00f3n abiertos y permanentes.<\/span><\/p>\n","protected":false},"excerpt":{"rendered":"<p>** En un encuentro realizado en las instalaciones del Centro de Formaci\u00f3n Socialista (CFS) Cacique Aramare, se llev\u00f3 a cabo una importante jornada entre las entidades de trabajos que participan en programa nacional de aprendizaje (PNA) con el objetivo principal de dar a conocer \u00a0los nuevos lineamientos del Programa Nacional de Aprendizaje (PNA), orientados hacia [&hellip;]<\/p>\n","protected":false},"author":15,"featured_media":65802,"comment_status":"closed","ping_status":"closed","sticky":false,"template":"","format":"standard","meta":{"footnotes":""},"categories":[2],"tags":[],"class_list":["post-65801","post","type-post","status-publish","format-standard","has-post-thumbnail","hentry","category-blog"],"_links":{"self":[{"href":"https:\/\/inces.gob.ve\/index.php\/wp-json\/wp\/v2\/posts\/65801","targetHints":{"allow":["GET"]}}],"collection":[{"href":"https:\/\/inces.gob.ve\/index.php\/wp-json\/wp\/v2\/posts"}],"about":[{"href":"https:\/\/inces.gob.ve\/index.php\/wp-json\/wp\/v2\/types\/post"}],"author":[{"embeddable":true,"href":"https:\/\/inces.gob.ve\/index.php\/wp-json\/wp\/v2\/users\/15"}],"replies":[{"embeddable":true,"href":"https:\/\/inces.gob.ve\/index.php\/wp-json\/wp\/v2\/comments?post=65801"}],"version-history":[{"count":4,"href":"https:\/\/inces.gob.ve\/index.php\/wp-json\/wp\/v2\/posts\/65801\/revisions"}],"predecessor-version":[{"id":65809,"href":"https:\/\/inces.gob.ve\/index.php\/wp-json\/wp\/v2\/posts\/65801\/revisions\/65809"}],"wp:featuredmedia":[{"embeddable":true,"href":"https:\/\/inces.gob.ve\/index.php\/wp-json\/wp\/v2\/media\/65802"}],"wp:attachment":[{"href":"https:\/\/inces.gob.ve\/index.php\/wp-json\/wp\/v2\/media?parent=65801"}],"wp:term":[{"taxonomy":"category","embeddable":true,"href":"https:\/\/inces.gob.ve\/index.php\/wp-json\/wp\/v2\/categories?post=65801"},{"taxonomy":"post_tag","embeddable":true,"href":"https:\/\/inces.gob.ve\/index.php\/wp-json\/wp\/v2\/tags?post=65801"}],"curies":[{"name":"wp","href":"https:\/\/api.w.org\/{rel}","templated":true}]}}