{"id":65823,"date":"2025-08-11T09:55:28","date_gmt":"2025-08-11T13:55:28","guid":{"rendered":"https:\/\/inces.gob.ve\/?p=65823"},"modified":"2025-08-11T10:01:37","modified_gmt":"2025-08-11T14:01:37","slug":"anzoategui-la-ruta-live-bachiller-2025-una-fiesta-inolvidable-que-celebro-el-futuro-de-anzoategui","status":"publish","type":"post","link":"https:\/\/inces.gob.ve\/index.php\/2025\/08\/11\/anzoategui-la-ruta-live-bachiller-2025-una-fiesta-inolvidable-que-celebro-el-futuro-de-anzoategui\/","title":{"rendered":"ANZOATEGUI | La Ruta Live Bachiller 2025: Una fiesta inolvidable que celebr\u00f3 el futuro de Anzo\u00e1tegui"},"content":{"rendered":"<div dir=\"auto\" style=\"text-align: justify;\"><span style=\"font-family: helvetica, arial, sans-serif; font-size: 18px;\">*<em><strong>* El Inces Anzo\u00e1tegui estuvo presente en La Ruta Live Bachiller 2025, la mayor fiesta juvenil del pa\u00eds<\/strong><\/em><\/span><\/div>\n<p style=\"text-align: justify;\"><span style=\"font-family: helvetica, arial, sans-serif; font-size: 18px;\"><!--more--><\/span><\/p>\n<div dir=\"auto\" style=\"text-align: justify;\"><\/div>\n<div dir=\"auto\" style=\"text-align: justify;\"><span style=\"font-family: helvetica, arial, sans-serif; font-size: 18px;\">El estado Anzo\u00e1tegui se convirti\u00f3 en el epicentro de la alegr\u00eda juvenil con la llegada de La Ruta Live Bachiller 2025, una celebraci\u00f3n que ya se perfila como la m\u00e1s grande y significativa fiesta de graduaci\u00f3n en todo el pa\u00eds. M\u00e1s de 8.000 estudiantes provenientes de 178 instituciones educativas p\u00fablicas se reunieron para vivir una jornada cargada de m\u00fasica, emociones y el orgullo de cerrar una etapa fundamental en sus vidas.<\/span><\/div>\n<div dir=\"auto\"><\/div>\n<div dir=\"auto\"><\/div>\n<div dir=\"auto\">\n<p><img loading=\"lazy\" decoding=\"async\" class=\"wp-image-65825 size-full aligncenter\" src=\"https:\/\/inces.gob.ve\/wp-content\/uploads\/2025\/08\/1000323232-scaled-e1754920318177.jpg\" alt=\"\" width=\"800\" height=\"708\" \/><\/p>\n<\/div>\n<div dir=\"auto\" style=\"text-align: justify;\"><span style=\"font-family: helvetica, arial, sans-serif; font-size: 18px;\">Desde tempranas horas de la tarde, j\u00f3venes de 15 municipios comenzaron a llenar los espacios dispuestos para el evento.<\/span><\/div>\n<div dir=\"auto\" style=\"text-align: justify;\"><\/div>\n<div dir=\"auto\"><\/div>\n<div dir=\"auto\">\n<p><img loading=\"lazy\" decoding=\"async\" class=\"aligncenter wp-image-65824 size-full\" src=\"https:\/\/inces.gob.ve\/wp-content\/uploads\/2025\/08\/1000323548-scaled-e1754920366972.jpg\" alt=\"\" width=\"800\" height=\"600\" \/><\/p>\n<\/div>\n<div dir=\"auto\" style=\"text-align: justify;\"><span style=\"font-family: helvetica, arial, sans-serif; font-size: 18px;\">Entre los cientos de instituciones presentes, el Liceo Inces Anzo\u00e1tegui con sus estudiantes lleg\u00f3 con entusiasmo, portando pancartas, camisetas personalizadas y una actitud que reflejaba el compromiso con la formaci\u00f3n t\u00e9cnica profesional que caracteriza a esta instituci\u00f3n. Para muchos de ellos, esta celebraci\u00f3n no solo marc\u00f3 el fin de una etapa acad\u00e9mica, sino tambi\u00e9n el inicio de nuevos caminos profesionales y personales.<\/span><\/div>\n<div class=\"yj6qo\" style=\"text-align: justify;\"><\/div>\n<div class=\"adL\" dir=\"auto\"><\/div>\n","protected":false},"excerpt":{"rendered":"<p>** El Inces Anzo\u00e1tegui estuvo presente en La Ruta Live Bachiller 2025, la mayor fiesta juvenil del pa\u00eds<\/p>\n","protected":false},"author":15,"featured_media":65826,"comment_status":"closed","ping_status":"closed","sticky":false,"template":"","format":"standard","meta":{"footnotes":""},"categories":[2],"tags":[],"class_list":["post-65823","post","type-post","status-publish","format-standard","has-post-thumbnail","hentry","category-blog"],"_links":{"self":[{"href":"https:\/\/inces.gob.ve\/index.php\/wp-json\/wp\/v2\/posts\/65823","targetHints":{"allow":["GET"]}}],"collection":[{"href":"https:\/\/inces.gob.ve\/index.php\/wp-json\/wp\/v2\/posts"}],"about":[{"href":"https:\/\/inces.gob.ve\/index.php\/wp-json\/wp\/v2\/types\/post"}],"author":[{"embeddable":true,"href":"https:\/\/inces.gob.ve\/index.php\/wp-json\/wp\/v2\/users\/15"}],"replies":[{"embeddable":true,"href":"https:\/\/inces.gob.ve\/index.php\/wp-json\/wp\/v2\/comments?post=65823"}],"version-history":[{"count":2,"href":"https:\/\/inces.gob.ve\/index.php\/wp-json\/wp\/v2\/posts\/65823\/revisions"}],"predecessor-version":[{"id":65828,"href":"https:\/\/inces.gob.ve\/index.php\/wp-json\/wp\/v2\/posts\/65823\/revisions\/65828"}],"wp:featuredmedia":[{"embeddable":true,"href":"https:\/\/inces.gob.ve\/index.php\/wp-json\/wp\/v2\/media\/65826"}],"wp:attachment":[{"href":"https:\/\/inces.gob.ve\/index.php\/wp-json\/wp\/v2\/media?parent=65823"}],"wp:term":[{"taxonomy":"category","embeddable":true,"href":"https:\/\/inces.gob.ve\/index.php\/wp-json\/wp\/v2\/categories?post=65823"},{"taxonomy":"post_tag","embeddable":true,"href":"https:\/\/inces.gob.ve\/index.php\/wp-json\/wp\/v2\/tags?post=65823"}],"curies":[{"name":"wp","href":"https:\/\/api.w.org\/{rel}","templated":true}]}}