{"id":66012,"date":"2025-08-14T15:23:26","date_gmt":"2025-08-14T19:23:26","guid":{"rendered":"https:\/\/inces.gob.ve\/?p=66012"},"modified":"2025-08-14T15:24:08","modified_gmt":"2025-08-14T19:24:08","slug":"barinas-110-nuevos-graduandos-para-el-pais-liceo-inces-celebra-la-xv-promocion-de-bachilleres-productivos","status":"publish","type":"post","link":"https:\/\/inces.gob.ve\/index.php\/2025\/08\/14\/barinas-110-nuevos-graduandos-para-el-pais-liceo-inces-celebra-la-xv-promocion-de-bachilleres-productivos\/","title":{"rendered":"BARINAS | 110 nuevos graduandos para el pa\u00eds: Liceo Inces celebra la XV promoci\u00f3n de bachilleres productivos"},"content":{"rendered":"<p style=\"text-align: justify;\"><span style=\"font-family: helvetica, arial, sans-serif; font-size: 18px;\"><em><strong>**Forjando futuro para la construcci\u00f3n de un mejor pa\u00eds a trav\u00e9s de la formaci\u00f3n productiva<\/strong><\/em><!--more--><\/span><\/p>\n<p>&nbsp;<\/p>\n<p style=\"text-align: justify;\"><span style=\"font-family: helvetica, arial, sans-serif; font-size: 18px;\">Hirasyanel Bayona | Barinas<\/span><\/p>\n<p style=\"text-align: justify;\"><span style=\"font-family: helvetica, arial, sans-serif; font-size: 18px;\">En un emotivo y significativo acto, el\u00a0Liceo Inces Barinas\u00a0celebr\u00f3 la\u00a0XV graduaci\u00f3n de bachilleres productivos, reconociendo el esfuerzo, la constancia y el compromiso de\u00a0110 estudiantes\u00a0que hoy se convierten en protagonistas de la transformaci\u00f3n social y econ\u00f3mica del pa\u00eds.<\/span><\/p>\n<p>&nbsp;<\/p>\n<p><img loading=\"lazy\" decoding=\"async\" class=\"wp-image-66013 size-full\" src=\"https:\/\/inces.gob.ve\/wp-content\/uploads\/2025\/08\/IMG_20250811_111927_587-scaled-e1755199271385.jpg\" alt=\"\" width=\"800\" height=\"434\" \/><\/p>\n<p style=\"text-align: justify;\"><span style=\"font-family: helvetica, arial, sans-serif; font-size: 18px;\">Durante el acto se cont\u00f3 con la presencia del\u00a0gerente regional, \u00c1lvaro Oviedo; la\u00a0directora del Liceo, Amelia N\u00fa\u00f1ez; invitados especiales, parte del equipo de trabajo, familiares y amigos, quienes celebraron el esfuerzo, dedicaci\u00f3n y compromiso de cada graduando, y el alcance del modelo educativo del\u00a0Inces, que articula formaci\u00f3n acad\u00e9mica con experiencia laboral, sembrando capacidades productivas en cada rinc\u00f3n de la sociedad al formar a la clase trabajadora desde sus espacios de trabajo, al igual que ocurre con los privados de libertad, no solo en su escolaridad para alcanzar el bachillerato, sino adem\u00e1s en una formaci\u00f3n productiva.<\/span><\/p>\n<p style=\"text-align: justify;\"><span style=\"font-family: helvetica, arial, sans-serif; font-size: 18px;\">Los ya bachilleres que integran esta promoci\u00f3n est\u00e1n conformados por\u00a0110 j\u00f3venes y adultos mayores\u00a0pertenecientes a diversas entidades de trabajo, como lo son\u00a0CORSOBAIN, ACAV, PDVSA, Bomberos Municipales, Fuerte Tavacare\u00a0y la\u00a0Inspector\u00eda del Trabajo, adem\u00e1s de privados de libertad del\u00a0Instituto Judicial Barinas, y los ambientes\u00a0Escuela Especial Dr. Rafael Vega S\u00e1nchez, Canagua\u00a0y el\u00a0Centro de Formaci\u00f3n Socialista Josefa Camejo, demostrando que el conocimiento no tiene fronteras y que el aprendizaje puede darse en variados contextos. En especial, se destac\u00f3 el compromiso del\u00a0Instituto Judicial Barinas, cuyos estudiantes privados de libertad recibir\u00e1n su t\u00edtulo en un acto interno, reafirmando que la educaci\u00f3n es un derecho que dignifica y libera.<\/span><\/p>\n<p>&nbsp;<\/p>\n<p><img loading=\"lazy\" decoding=\"async\" class=\"wp-image-66014 size-full\" src=\"https:\/\/inces.gob.ve\/wp-content\/uploads\/2025\/08\/IMG_20250811_111432_713-scaled-e1755199312799.jpg\" alt=\"\" width=\"800\" height=\"600\" \/><\/p>\n<p style=\"text-align: justify;\"><span style=\"font-family: helvetica, arial, sans-serif; font-size: 18px;\">Justo Jobes, bachiller del ambiente de la entidad de trabajo\u00a0PDVSA, dirigi\u00f3 unas emotivas palabras en representaci\u00f3n de todos los graduandos, a trav\u00e9s de las cuales expres\u00f3 su sentir y regal\u00f3 un profundo mensaje en donde manifest\u00f3 que\u00a0<em>\u00abEl \u00e9xito se fundamenta en las metas, en trazar un plan e ir tras un objetivo a corto, mediano o largo plazo. Hoy estamos logrando un objetivo; sin embargo, es necesario seguir form\u00e1ndonos. Hoy se marca el inicio de un futuro mejor\u00bb<\/em>.<\/span><\/p>\n<p style=\"text-align: justify;\"><span style=\"font-family: helvetica, arial, sans-serif; font-size: 18px;\">\u00c1lvaro Oviedo\u00a0y\u00a0Amelia N\u00fa\u00f1ez\u00a0tambi\u00e9n dirigieron emotivas palabras a los graduandos, reconociendo ampliamente su logro y enfatizando lo ya compartido por el compa\u00f1ero Jobes, que este es solo el comienzo y deben seguir prepar\u00e1ndose a trav\u00e9s del poder transformador de la educaci\u00f3n productiva.<\/span><\/p>\n<p style=\"text-align: justify;\"><span style=\"font-family: helvetica, arial, sans-serif; font-size: 18px;\">Esta\u00a0XV promoci\u00f3n de bachilleres productivos\u00a0representa mucho m\u00e1s que una cifra: son\u00a0110 historias\u00a0que se suman, con herramientas para construir, transformar y aportar desde sus saberes. El\u00a0Liceo Inces Barinas\u00a0reafirma su compromiso con una educaci\u00f3n inclusiva, liberadora y profundamente humana, que reconoce el trabajo como espacio de aprendizaje y la formaci\u00f3n como camino hacia la emancipaci\u00f3n.<\/span><\/p>\n","protected":false},"excerpt":{"rendered":"<p>**Forjando futuro para la construcci\u00f3n de un mejor pa\u00eds a trav\u00e9s de la formaci\u00f3n productiva<\/p>\n","protected":false},"author":15,"featured_media":66015,"comment_status":"closed","ping_status":"closed","sticky":false,"template":"","format":"standard","meta":{"footnotes":""},"categories":[2],"tags":[],"class_list":["post-66012","post","type-post","status-publish","format-standard","has-post-thumbnail","hentry","category-blog"],"_links":{"self":[{"href":"https:\/\/inces.gob.ve\/index.php\/wp-json\/wp\/v2\/posts\/66012","targetHints":{"allow":["GET"]}}],"collection":[{"href":"https:\/\/inces.gob.ve\/index.php\/wp-json\/wp\/v2\/posts"}],"about":[{"href":"https:\/\/inces.gob.ve\/index.php\/wp-json\/wp\/v2\/types\/post"}],"author":[{"embeddable":true,"href":"https:\/\/inces.gob.ve\/index.php\/wp-json\/wp\/v2\/users\/15"}],"replies":[{"embeddable":true,"href":"https:\/\/inces.gob.ve\/index.php\/wp-json\/wp\/v2\/comments?post=66012"}],"version-history":[{"count":1,"href":"https:\/\/inces.gob.ve\/index.php\/wp-json\/wp\/v2\/posts\/66012\/revisions"}],"predecessor-version":[{"id":66016,"href":"https:\/\/inces.gob.ve\/index.php\/wp-json\/wp\/v2\/posts\/66012\/revisions\/66016"}],"wp:featuredmedia":[{"embeddable":true,"href":"https:\/\/inces.gob.ve\/index.php\/wp-json\/wp\/v2\/media\/66015"}],"wp:attachment":[{"href":"https:\/\/inces.gob.ve\/index.php\/wp-json\/wp\/v2\/media?parent=66012"}],"wp:term":[{"taxonomy":"category","embeddable":true,"href":"https:\/\/inces.gob.ve\/index.php\/wp-json\/wp\/v2\/categories?post=66012"},{"taxonomy":"post_tag","embeddable":true,"href":"https:\/\/inces.gob.ve\/index.php\/wp-json\/wp\/v2\/tags?post=66012"}],"curies":[{"name":"wp","href":"https:\/\/api.w.org\/{rel}","templated":true}]}}