{"id":66218,"date":"2025-08-18T18:24:23","date_gmt":"2025-08-18T22:24:23","guid":{"rendered":"https:\/\/inces.gob.ve\/?p=66218"},"modified":"2025-08-18T18:24:23","modified_gmt":"2025-08-18T22:24:23","slug":"inces-e-intersaber-rinden-homenaje-a-fidel-castro-con-conversatorio-sobre-su-legado","status":"publish","type":"post","link":"https:\/\/inces.gob.ve\/index.php\/2025\/08\/18\/inces-e-intersaber-rinden-homenaje-a-fidel-castro-con-conversatorio-sobre-su-legado\/","title":{"rendered":"Inces e Intersaber rinden homenaje a Fidel Castro con conversatorio sobre su legado"},"content":{"rendered":"<p style=\"text-align: justify;\"><strong><span style=\"font-family: helvetica, arial, sans-serif; font-size: 18px;\"><em>** El Instituto Nacional de Capacitaci\u00f3n y Educaci\u00f3n Socialista (Inces) en conjunto con Intersaber, realiz\u00f3 el conversatorio\u00a0 Y en eso lleg\u00f3 Fidel\u2026 en reconocimiento y homenaje al guerrillero heroico Fidel Castro tras cumplirse 99 a\u00f1os desde su natalicio<\/em><\/span><\/strong><!--more--><\/p>\n<p style=\"text-align: justify;\"><span style=\"font-family: helvetica, arial, sans-serif; font-size: 18px;\"><em>\u00a0<\/em><\/span><\/p>\n<p style=\"text-align: justify;\"><span style=\"font-family: helvetica, arial, sans-serif; font-size: 18px;\"><strong><em>DUGLIANNY RAM\u00cdREZ<\/em><\/strong><\/span><\/p>\n<p style=\"text-align: justify;\"><span style=\"font-family: helvetica, arial, sans-serif; font-size: 18px;\"><em>\u00a0<\/em><\/span><\/p>\n<p style=\"text-align: justify;\"><span style=\"font-family: helvetica, arial, sans-serif; font-size: 18px;\">La actividad se llev\u00f3 a cabo en el auditorio del edificio Inces sede, este lugar sirvi\u00f3 de escenario para impulsar el di\u00e1logo y profundizar sobre el valor pol\u00edtico y la historia de Eliam Gonz\u00e1lez, un joven que simboliza la resistencia frente a la injerencia pol\u00edtica de Estados Unidos en la Rep\u00fablica de Cuba.<\/span><\/p>\n<p style=\"text-align: justify;\">\n<p style=\"text-align: justify;\"><img loading=\"lazy\" decoding=\"async\" class=\"aligncenter wp-image-66220 size-large\" src=\"https:\/\/inces.gob.ve\/wp-content\/uploads\/2025\/08\/DSC_7987-1024x685.jpg\" alt=\"\" width=\"640\" height=\"428\" srcset=\"https:\/\/inces.gob.ve\/wp-content\/uploads\/2025\/08\/DSC_7987-1024x685.jpg 1024w, https:\/\/inces.gob.ve\/wp-content\/uploads\/2025\/08\/DSC_7987-300x201.jpg 300w, https:\/\/inces.gob.ve\/wp-content\/uploads\/2025\/08\/DSC_7987-768x514.jpg 768w, https:\/\/inces.gob.ve\/wp-content\/uploads\/2025\/08\/DSC_7987-1536x1028.jpg 1536w, https:\/\/inces.gob.ve\/wp-content\/uploads\/2025\/08\/DSC_7987-2048x1371.jpg 2048w, https:\/\/inces.gob.ve\/wp-content\/uploads\/2025\/08\/DSC_7987-272x182.jpg 272w\" sizes=\"auto, (max-width: 640px) 100vw, 640px\" \/><\/p>\n<p>&nbsp;<\/p>\n<p>&nbsp;<\/p>\n<p style=\"text-align: justify;\"><span style=\"font-family: helvetica, arial, sans-serif; font-size: 18px;\">En el evento estuvo presente el presidente del Inces Wuikelman Angel Paredes;\u00a0 Abel Aguilera, historiador e investigador del centro Fidel Castro Ruz y Guyen Soto, asesor del Inces, quienes aportaron valiosas reflexiones sobre el pensamiento estrat\u00e9gico del l\u00edder cubano.\u00a0 Tambien estuvo presente\u00a0 Eliam Gonz\u00e1lez, diputado a la Asamblea Nacional del poder popular de Cuba, quien coment\u00f3 sobre su\u00a0 experiencia al ser secuestrado luego de sobrevivir a un naufragio y regresado a su pa\u00eds gracias al apoyo y la movilizaci\u00f3n de Fidel Castro y el pueblo cubano.<\/span><\/p>\n<p>&nbsp;<\/p>\n<p style=\"text-align: justify;\"><img loading=\"lazy\" decoding=\"async\" class=\"aligncenter wp-image-66221 size-large\" src=\"https:\/\/inces.gob.ve\/wp-content\/uploads\/2025\/08\/DSC_8007-1024x685.jpg\" alt=\"\" width=\"640\" height=\"428\" srcset=\"https:\/\/inces.gob.ve\/wp-content\/uploads\/2025\/08\/DSC_8007-1024x685.jpg 1024w, https:\/\/inces.gob.ve\/wp-content\/uploads\/2025\/08\/DSC_8007-300x201.jpg 300w, https:\/\/inces.gob.ve\/wp-content\/uploads\/2025\/08\/DSC_8007-768x514.jpg 768w, https:\/\/inces.gob.ve\/wp-content\/uploads\/2025\/08\/DSC_8007-1536x1028.jpg 1536w, https:\/\/inces.gob.ve\/wp-content\/uploads\/2025\/08\/DSC_8007-2048x1371.jpg 2048w, https:\/\/inces.gob.ve\/wp-content\/uploads\/2025\/08\/DSC_8007-272x182.jpg 272w\" sizes=\"auto, (max-width: 640px) 100vw, 640px\" \/><\/p>\n<p>&nbsp;<\/p>\n<p>&nbsp;<\/p>\n<p style=\"text-align: justify;\"><span style=\"font-family: helvetica, arial, sans-serif; font-size: 18px;\">El conversatorio culmin\u00f3 con un recorrido de los participantes por la plaza <strong>Che Guevara<\/strong> del Inces, un espacio que honra la memoria del comandante y l\u00edder Cubano Che Guevara<\/span><\/p>\n<p>&nbsp;<\/p>\n<p><img loading=\"lazy\" decoding=\"async\" class=\"aligncenter wp-image-66223 size-large\" src=\"https:\/\/inces.gob.ve\/wp-content\/uploads\/2025\/08\/DSC_8019-1024x685.jpg\" alt=\"\" width=\"640\" height=\"428\" srcset=\"https:\/\/inces.gob.ve\/wp-content\/uploads\/2025\/08\/DSC_8019-1024x685.jpg 1024w, https:\/\/inces.gob.ve\/wp-content\/uploads\/2025\/08\/DSC_8019-300x201.jpg 300w, https:\/\/inces.gob.ve\/wp-content\/uploads\/2025\/08\/DSC_8019-768x514.jpg 768w, https:\/\/inces.gob.ve\/wp-content\/uploads\/2025\/08\/DSC_8019-1536x1028.jpg 1536w, https:\/\/inces.gob.ve\/wp-content\/uploads\/2025\/08\/DSC_8019-2048x1371.jpg 2048w, https:\/\/inces.gob.ve\/wp-content\/uploads\/2025\/08\/DSC_8019-272x182.jpg 272w\" sizes=\"auto, (max-width: 640px) 100vw, 640px\" \/><\/p>\n<p style=\"text-align: justify;\">\n<p>&nbsp;<\/p>\n","protected":false},"excerpt":{"rendered":"<p>** El Instituto Nacional de Capacitaci\u00f3n y Educaci\u00f3n Socialista (Inces) en conjunto con Intersaber, realiz\u00f3 el conversatorio\u00a0 Y en eso lleg\u00f3 Fidel\u2026 en reconocimiento y homenaje al guerrillero heroico Fidel Castro tras cumplirse 99 a\u00f1os desde su natalicio<\/p>\n","protected":false},"author":4,"featured_media":66219,"comment_status":"closed","ping_status":"closed","sticky":false,"template":"","format":"standard","meta":{"footnotes":""},"categories":[2],"tags":[],"class_list":["post-66218","post","type-post","status-publish","format-standard","has-post-thumbnail","hentry","category-blog"],"_links":{"self":[{"href":"https:\/\/inces.gob.ve\/index.php\/wp-json\/wp\/v2\/posts\/66218","targetHints":{"allow":["GET"]}}],"collection":[{"href":"https:\/\/inces.gob.ve\/index.php\/wp-json\/wp\/v2\/posts"}],"about":[{"href":"https:\/\/inces.gob.ve\/index.php\/wp-json\/wp\/v2\/types\/post"}],"author":[{"embeddable":true,"href":"https:\/\/inces.gob.ve\/index.php\/wp-json\/wp\/v2\/users\/4"}],"replies":[{"embeddable":true,"href":"https:\/\/inces.gob.ve\/index.php\/wp-json\/wp\/v2\/comments?post=66218"}],"version-history":[{"count":1,"href":"https:\/\/inces.gob.ve\/index.php\/wp-json\/wp\/v2\/posts\/66218\/revisions"}],"predecessor-version":[{"id":66224,"href":"https:\/\/inces.gob.ve\/index.php\/wp-json\/wp\/v2\/posts\/66218\/revisions\/66224"}],"wp:featuredmedia":[{"embeddable":true,"href":"https:\/\/inces.gob.ve\/index.php\/wp-json\/wp\/v2\/media\/66219"}],"wp:attachment":[{"href":"https:\/\/inces.gob.ve\/index.php\/wp-json\/wp\/v2\/media?parent=66218"}],"wp:term":[{"taxonomy":"category","embeddable":true,"href":"https:\/\/inces.gob.ve\/index.php\/wp-json\/wp\/v2\/categories?post=66218"},{"taxonomy":"post_tag","embeddable":true,"href":"https:\/\/inces.gob.ve\/index.php\/wp-json\/wp\/v2\/tags?post=66218"}],"curies":[{"name":"wp","href":"https:\/\/api.w.org\/{rel}","templated":true}]}}