{"id":66319,"date":"2025-08-21T11:51:44","date_gmt":"2025-08-21T15:51:44","guid":{"rendered":"https:\/\/inces.gob.ve\/?p=66319"},"modified":"2025-08-22T11:01:39","modified_gmt":"2025-08-22T15:01:39","slug":"araua-el-inces-villa-de-cura-inicio-celebracion-66-aniversario-con-conversatorio-historico-institucional","status":"publish","type":"post","link":"https:\/\/inces.gob.ve\/index.php\/2025\/08\/21\/araua-el-inces-villa-de-cura-inicio-celebracion-66-aniversario-con-conversatorio-historico-institucional\/","title":{"rendered":"ARAGUA |  El Inces Villa de Cura inici\u00f3 celebraci\u00f3n 66 Aniversario con conversatorio hist\u00f3rico institucional"},"content":{"rendered":"<div dir=\"auto\" style=\"text-align: justify;\"><em><strong><span style=\"font-family: helvetica, arial, sans-serif; font-size: 18px;\">** El evento reuni\u00f3 a aprendices, docentes y personal administrativo\u00a0<\/span><\/strong><\/em><\/div>\n<p><!--more--><\/p>\n<div dir=\"auto\" style=\"text-align: justify;\"><\/div>\n<div dir=\"auto\"><\/div>\n<div dir=\"auto\" style=\"text-align: justify;\"><span style=\"font-family: helvetica, arial, sans-serif; font-size: 18px;\">NINOSKA PATRIZ<\/span><\/div>\n<div dir=\"auto\" style=\"text-align: justify;\"><\/div>\n<div dir=\"auto\" style=\"text-align: justify;\"><span style=\"font-family: helvetica, arial, sans-serif; font-size: 18px;\">El Centro de Formaci\u00f3n Socialista Villa de Cura di\u00f3 inicio a la semana de 66 aniversario desarrollando un vonversatorio hist\u00f3rico en el sal\u00f3n \u00abLuisa C\u00e1ceres de Arismendi\u00bb, cuyo objetivo principal fue destacar la relevancia del Inces como ente rector en la formaci\u00f3n profesional del pa\u00eds, haciendo un recorrido por la evoluci\u00f3n desde su fundaci\u00f3n hace 66 a\u00f1os hasta la actualidad.<\/span><\/div>\n<div dir=\"auto\" style=\"text-align: justify;\"><\/div>\n<div dir=\"auto\" style=\"text-align: justify;\"><span style=\"font-family: helvetica, arial, sans-serif; font-size: 18px;\">El conversatorio cont\u00f3 con la participaci\u00f3n de 40 personas, entre las que se encontraban aprendices del Inces, participantes del curso de confecci\u00f3n, personal docente y administrativo del CFS Villa de Cura, quienes enriquecieron el debate con diferentes perspectivas sobre la labor de la instituci\u00f3n y sus desaf\u00edos de cara al futuro.\u00a0<\/span><\/div>\n<div dir=\"auto\"><\/div>\n<div dir=\"auto\"><img loading=\"lazy\" decoding=\"async\" class=\"aligncenter wp-image-66320 size-full\" src=\"https:\/\/inces.gob.ve\/wp-content\/uploads\/2025\/08\/1000370787-4-e1755791451838.jpg\" alt=\"\" width=\"800\" height=\"610\" \/><\/div>\n<div dir=\"auto\" style=\"text-align: justify;\"><\/div>\n<div dir=\"auto\" style=\"text-align: justify;\"><span style=\"font-family: helvetica, arial, sans-serif; font-size: 18px;\">Durante la jornada, el jefe de Centro hizo hincapi\u00e9 en c\u00f3mo el Inces ha logrado adaptarse a los cambios sociales y econ\u00f3micos del pa\u00eds, manteniendo su compromiso de ofrecer capacitaci\u00f3n t\u00e9cnica y profesional a la poblaci\u00f3n.<\/span><\/div>\n<div dir=\"auto\" style=\"text-align: justify;\"><\/div>\n<div dir=\"auto\" style=\"text-align: justify;\"><span style=\"font-family: helvetica, arial, sans-serif; font-size: 18px;\">As\u00ed mismo, recalc\u00f3: \u00abEste tipo de encuentros permiten a los asistentes comprender la importancia de su rol en la construcci\u00f3n de la identidad productiva del pa\u00eds\u00bb. Por su parte, los participantes destacaron la pertinencia de los programas de formaci\u00f3n que ofrece la instituci\u00f3n, los cuales se alinean con las necesidades del mercado laboral y contribuyen al desarrollo econ\u00f3mico de las comunidades.<\/span><\/div>\n<div dir=\"auto\" style=\"text-align: justify;\"><\/div>\n<div dir=\"auto\" style=\"text-align: justify;\"><span style=\"font-family: helvetica, arial, sans-serif; font-size: 18px;\">El evento concluy\u00f3 con un llamado a seguir fortaleciendo el papel del Inces en el pueblo como herramienta clave para el progreso individual y colectivo, faro de conocimiento y oportunidades de trabajo para las futuras generaciones de la patria.<\/span><\/div>\n<div class=\"yj6qo\" style=\"text-align: justify;\"><\/div>\n<div class=\"adL\"><\/div>\n","protected":false},"excerpt":{"rendered":"<p>** El evento reuni\u00f3 a aprendices, docentes y personal administrativo\u00a0<\/p>\n","protected":false},"author":15,"featured_media":66321,"comment_status":"closed","ping_status":"closed","sticky":false,"template":"","format":"standard","meta":{"footnotes":""},"categories":[2],"tags":[],"class_list":["post-66319","post","type-post","status-publish","format-standard","has-post-thumbnail","hentry","category-blog"],"_links":{"self":[{"href":"https:\/\/inces.gob.ve\/index.php\/wp-json\/wp\/v2\/posts\/66319","targetHints":{"allow":["GET"]}}],"collection":[{"href":"https:\/\/inces.gob.ve\/index.php\/wp-json\/wp\/v2\/posts"}],"about":[{"href":"https:\/\/inces.gob.ve\/index.php\/wp-json\/wp\/v2\/types\/post"}],"author":[{"embeddable":true,"href":"https:\/\/inces.gob.ve\/index.php\/wp-json\/wp\/v2\/users\/15"}],"replies":[{"embeddable":true,"href":"https:\/\/inces.gob.ve\/index.php\/wp-json\/wp\/v2\/comments?post=66319"}],"version-history":[{"count":2,"href":"https:\/\/inces.gob.ve\/index.php\/wp-json\/wp\/v2\/posts\/66319\/revisions"}],"predecessor-version":[{"id":66354,"href":"https:\/\/inces.gob.ve\/index.php\/wp-json\/wp\/v2\/posts\/66319\/revisions\/66354"}],"wp:featuredmedia":[{"embeddable":true,"href":"https:\/\/inces.gob.ve\/index.php\/wp-json\/wp\/v2\/media\/66321"}],"wp:attachment":[{"href":"https:\/\/inces.gob.ve\/index.php\/wp-json\/wp\/v2\/media?parent=66319"}],"wp:term":[{"taxonomy":"category","embeddable":true,"href":"https:\/\/inces.gob.ve\/index.php\/wp-json\/wp\/v2\/categories?post=66319"},{"taxonomy":"post_tag","embeddable":true,"href":"https:\/\/inces.gob.ve\/index.php\/wp-json\/wp\/v2\/tags?post=66319"}],"curies":[{"name":"wp","href":"https:\/\/api.w.org\/{rel}","templated":true}]}}