{"id":66356,"date":"2025-08-22T10:59:18","date_gmt":"2025-08-22T14:59:18","guid":{"rendered":"https:\/\/inces.gob.ve\/?p=66356"},"modified":"2025-08-23T11:25:44","modified_gmt":"2025-08-23T15:25:44","slug":"ministro-ernesto-villegas-envia-mensaje-de-felicitacion-al-inces-en-su-66-aniversario","status":"publish","type":"post","link":"https:\/\/inces.gob.ve\/index.php\/2025\/08\/22\/ministro-ernesto-villegas-envia-mensaje-de-felicitacion-al-inces-en-su-66-aniversario\/","title":{"rendered":"Ministro Ernesto Villegas env\u00eda mensaje de felicitaci\u00f3n al Inces en su 66\u00b0 aniversario"},"content":{"rendered":"<p style=\"text-align: justify;\"><span style=\"font-family: helvetica, arial, sans-serif; font-size: 18px;\"><em><strong>** El Inces es reconocido como el instituto con mayor experiencia y capacidad para impartir formaci\u00f3n t\u00e9cnica profesional en el pa\u00eds<\/strong><\/em>\u00a0<\/span><\/p>\n<hr \/>\n<p>&nbsp;<\/p>\n<p style=\"text-align: justify;\"><span style=\"font-family: helvetica, arial, sans-serif; font-size: 18px;\">El ministro del Poder Popular para la Cultura, Ernesto Villegas, dirigi\u00f3 un afectuoso saludo a la comunidad del Instituto Nacional de Capacitaci\u00f3n y Educaci\u00f3n Socialista (Inces) con motivo de la celebraci\u00f3n de su 66 aniversario.<\/span><\/p>\n<p>&nbsp;<\/p>\n<p style=\"text-align: justify;\"><span style=\"font-family: helvetica, arial, sans-serif; font-size: 18px;\">A trav\u00e9s de un audio enviado al presidente de la instituci\u00f3n, Wuikelman Angel, el ministro Villegas transmiti\u00f3 un mensaje de reconocimiento y aliento para todos los facilitadores, trabajadoras, estudiantes y docentes.<\/span><\/p>\n<p>&nbsp;<\/p>\n<p style=\"text-align: justify;\"><span style=\"font-family: helvetica, arial, sans-serif; font-size: 18px;\">En su mensaje, el titular de la cartera cultural destac\u00f3: \u201cUn saludo a los trabajadores y trabajadoras y a los estudiantes, a las estudiantes del Inces que en este cumplea\u00f1os n\u00famero 66 est\u00e1n trabajando todas y todos alineados con los grandes objetivos de la patria venezolana\u201d.<\/span><\/p>\n<p>&nbsp;<\/p>\n<p style=\"text-align: justify;\"><span style=\"font-family: helvetica, arial, sans-serif; font-size: 18px;\">Villegas resalt\u00f3 la labor fundamental del instituto: \u201cCumplen una labor extraordinaria los maestros, los trabajadores, su directiva y los muchachos y muchacha que reciben herramientas de formaci\u00f3n a trav\u00e9s del Inces, que est\u00e1n sembrando ra\u00edces, sentando las bases de la sociedad futura que merecen nuestras hijas y nuestros hijos\u201d.<\/span><\/p>\n<p>&nbsp;<\/p>\n<p>&nbsp;<\/p>\n<p style=\"text-align: justify;\"><span style=\"font-family: helvetica, arial, sans-serif; font-size: 18px;\">El ministro enfatiz\u00f3 que el Inces mantiene una perspectiva con \u201cvisi\u00f3n en el trabajo, en la cultura del trabajo, del conocimiento y adem\u00e1s con una visi\u00f3n consustanciada con nuestra Constituci\u00f3n de la Rep\u00fablica Bolivariana de Venezuela, con el Plan de la Patria de las Siete Transformaciones y con el proyecto de pa\u00eds de la mano de Bol\u00edvar y de Ch\u00e1vez\u201d.<\/span><\/p>\n<p>&nbsp;<\/p>\n<p style=\"text-align: justify;\"><span style=\"font-family: helvetica, arial, sans-serif; font-size: 18px;\">Finalmente, envi\u00f3 un mensaje de apoyo al presidente de la Rep\u00fablica, Nicol\u00e1s Maduro, y exhort\u00f3 a la comunidad inceista: \u201cDisfruten de esta celebraci\u00f3n, que lo que viene es trabajo y m\u00e1s trabajo. Un abrazo, \u00a1Viva Venezuela, mi patria querida! \u00a1Felicitaciones\u00a1\u201d.<\/span><\/p>\n","protected":false},"excerpt":{"rendered":"<p>** El Inces es reconocido como el instituto con mayor experiencia y capacidad para impartir formaci\u00f3n t\u00e9cnica profesional en el pa\u00eds\u00a0 &nbsp; El ministro del Poder Popular para la Cultura, Ernesto Villegas, dirigi\u00f3 un afectuoso saludo a la comunidad del Instituto Nacional de Capacitaci\u00f3n y Educaci\u00f3n Socialista (Inces) con motivo de la celebraci\u00f3n de su [&hellip;]<\/p>\n","protected":false},"author":4,"featured_media":66357,"comment_status":"closed","ping_status":"closed","sticky":false,"template":"","format":"standard","meta":{"footnotes":""},"categories":[2],"tags":[],"class_list":["post-66356","post","type-post","status-publish","format-standard","has-post-thumbnail","hentry","category-blog"],"_links":{"self":[{"href":"https:\/\/inces.gob.ve\/index.php\/wp-json\/wp\/v2\/posts\/66356","targetHints":{"allow":["GET"]}}],"collection":[{"href":"https:\/\/inces.gob.ve\/index.php\/wp-json\/wp\/v2\/posts"}],"about":[{"href":"https:\/\/inces.gob.ve\/index.php\/wp-json\/wp\/v2\/types\/post"}],"author":[{"embeddable":true,"href":"https:\/\/inces.gob.ve\/index.php\/wp-json\/wp\/v2\/users\/4"}],"replies":[{"embeddable":true,"href":"https:\/\/inces.gob.ve\/index.php\/wp-json\/wp\/v2\/comments?post=66356"}],"version-history":[{"count":3,"href":"https:\/\/inces.gob.ve\/index.php\/wp-json\/wp\/v2\/posts\/66356\/revisions"}],"predecessor-version":[{"id":66362,"href":"https:\/\/inces.gob.ve\/index.php\/wp-json\/wp\/v2\/posts\/66356\/revisions\/66362"}],"wp:featuredmedia":[{"embeddable":true,"href":"https:\/\/inces.gob.ve\/index.php\/wp-json\/wp\/v2\/media\/66357"}],"wp:attachment":[{"href":"https:\/\/inces.gob.ve\/index.php\/wp-json\/wp\/v2\/media?parent=66356"}],"wp:term":[{"taxonomy":"category","embeddable":true,"href":"https:\/\/inces.gob.ve\/index.php\/wp-json\/wp\/v2\/categories?post=66356"},{"taxonomy":"post_tag","embeddable":true,"href":"https:\/\/inces.gob.ve\/index.php\/wp-json\/wp\/v2\/tags?post=66356"}],"curies":[{"name":"wp","href":"https:\/\/api.w.org\/{rel}","templated":true}]}}