{"id":66471,"date":"2025-08-28T17:19:37","date_gmt":"2025-08-28T21:19:37","guid":{"rendered":"https:\/\/inces.gob.ve\/?p=66471"},"modified":"2025-08-28T18:19:49","modified_gmt":"2025-08-28T22:19:49","slug":"inces-trujillo-inauguro-plaza-en-honor-a-su-fundador-y-certifica-a-300-nuevos-tecnicos","status":"publish","type":"post","link":"https:\/\/inces.gob.ve\/index.php\/2025\/08\/28\/inces-trujillo-inauguro-plaza-en-honor-a-su-fundador-y-certifica-a-300-nuevos-tecnicos\/","title":{"rendered":"Inces Trujillo inaugur\u00f3 plaza en honor a su fundador y certifica a 300 nuevos t\u00e9cnicos"},"content":{"rendered":"<p style=\"text-align: justify;\"><em><strong><span style=\"font-family: helvetica, arial, sans-serif; font-size: 18px;\">** La obra y legado del \u201cMaestro de Maestros\u201d, Luis Beltr\u00e1n Prieto Figueroa, es reivindicado en un espacio simb\u00f3lico para las comunidades de la entidad<\/span><\/strong><\/em><!--more--><\/p>\n<p>&nbsp;<\/p>\n<p style=\"text-align: justify;\"><span style=\"font-weight: 400; font-family: helvetica, arial, sans-serif; font-size: 18px;\">En un acto cargado de simbolismo y compromiso con la formaci\u00f3n t\u00e9cnica profesional, el Instituto Nacional de Capacitaci\u00f3n y Educaci\u00f3n Socialista (Inces) en el estado Trujillo inaugur\u00f3 este jueves 28 de agosto la plaza Luis Beltr\u00e1n Prieto Figueroa, acto que incluy\u00f3 la develaci\u00f3n de un busto en honor al insigne educador y fundador de la instituci\u00f3n. El espacio se erige como un permanente homenaje a su doctrina de educaci\u00f3n popular al servicio del desarrollo nacional.<\/span><\/p>\n<p>&nbsp;<\/p>\n<p style=\"text-align: justify;\"><img loading=\"lazy\" decoding=\"async\" class=\"aligncenter wp-image-66487 size-full\" src=\"https:\/\/inces.gob.ve\/wp-content\/uploads\/2025\/08\/DSC00397-1-scaled.jpg\" alt=\"\" width=\"2560\" height=\"1710\" srcset=\"https:\/\/inces.gob.ve\/wp-content\/uploads\/2025\/08\/DSC00397-1-scaled.jpg 2560w, https:\/\/inces.gob.ve\/wp-content\/uploads\/2025\/08\/DSC00397-1-300x200.jpg 300w, https:\/\/inces.gob.ve\/wp-content\/uploads\/2025\/08\/DSC00397-1-1024x684.jpg 1024w, https:\/\/inces.gob.ve\/wp-content\/uploads\/2025\/08\/DSC00397-1-768x513.jpg 768w, https:\/\/inces.gob.ve\/wp-content\/uploads\/2025\/08\/DSC00397-1-1536x1026.jpg 1536w, https:\/\/inces.gob.ve\/wp-content\/uploads\/2025\/08\/DSC00397-1-2048x1368.jpg 2048w, https:\/\/inces.gob.ve\/wp-content\/uploads\/2025\/08\/DSC00397-1-272x182.jpg 272w\" sizes=\"auto, (max-width: 2560px) 100vw, 2560px\" \/><\/p>\n<p>&nbsp;<\/p>\n<p>&nbsp;<\/p>\n<p style=\"text-align: justify;\"><span style=\"font-weight: 400; font-family: helvetica, arial, sans-serif; font-size: 18px;\">La jornada, celebrada en el Centro de Formaci\u00f3n Socialista Al\u00ed Primera de Valera, tambi\u00e9n sirvi\u00f3 para certificar a 300 nuevos hombres y mujeres que culminaron exitosamente sus procesos de formaci\u00f3n en diversos Perfiles Productivos Laborales (PPL), fortaleciendo as\u00ed el aparato productivo de la regi\u00f3n trujillana.<\/span><\/p>\n<p>&nbsp;<\/p>\n<p style=\"text-align: justify;\"><img loading=\"lazy\" decoding=\"async\" class=\"aligncenter wp-image-66488 size-full\" src=\"https:\/\/inces.gob.ve\/wp-content\/uploads\/2025\/08\/DSC00442-scaled-e1756414907793.jpg\" alt=\"\" width=\"2402\" height=\"1707\" srcset=\"https:\/\/inces.gob.ve\/wp-content\/uploads\/2025\/08\/DSC00442-scaled-e1756414907793.jpg 2402w, https:\/\/inces.gob.ve\/wp-content\/uploads\/2025\/08\/DSC00442-scaled-e1756414907793-300x213.jpg 300w, https:\/\/inces.gob.ve\/wp-content\/uploads\/2025\/08\/DSC00442-scaled-e1756414907793-1024x728.jpg 1024w, https:\/\/inces.gob.ve\/wp-content\/uploads\/2025\/08\/DSC00442-scaled-e1756414907793-768x546.jpg 768w, https:\/\/inces.gob.ve\/wp-content\/uploads\/2025\/08\/DSC00442-scaled-e1756414907793-1536x1092.jpg 1536w, https:\/\/inces.gob.ve\/wp-content\/uploads\/2025\/08\/DSC00442-scaled-e1756414907793-2048x1455.jpg 2048w\" sizes=\"auto, (max-width: 2402px) 100vw, 2402px\" \/><\/p>\n<p>&nbsp;<\/p>\n<p style=\"text-align: justify;\"><span style=\"font-weight: 400; font-family: helvetica, arial, sans-serif; font-size: 18px;\">El presidente del Inces, Wuikelman Angel Paredes, lider\u00f3 el acto protocolar y enfatiz\u00f3 que la inauguraci\u00f3n de esta plaza \u201creafirma el compromiso inquebrantable de la instituci\u00f3n con preservar el legado del Maestro Prieto Figueroa, vinculando su visi\u00f3n pedag\u00f3gica con la formaci\u00f3n t\u00e9cnica profesional que impulsamos para la Venezuela de hoy, bajo la ruta de los motores productivos que garantizan nuestra soberan\u00eda\u201d. Asimismo, destac\u00f3 que estamos \u201cformando para satisfacer necesidades de nuestro pueblo, no para la l\u00f3gica de la acumulaci\u00f3n de capital, para que nuestro glorioso pueblo le plante cara al imperialismo\u201d.\u00a0<\/span><\/p>\n<p>&nbsp;<\/p>\n<p style=\"text-align: justify;\"><img loading=\"lazy\" decoding=\"async\" class=\"aligncenter wp-image-66489 size-full\" src=\"https:\/\/inces.gob.ve\/wp-content\/uploads\/2025\/08\/DSC00506-scaled.jpg\" alt=\"\" width=\"2560\" height=\"1707\" srcset=\"https:\/\/inces.gob.ve\/wp-content\/uploads\/2025\/08\/DSC00506-scaled.jpg 2560w, https:\/\/inces.gob.ve\/wp-content\/uploads\/2025\/08\/DSC00506-300x200.jpg 300w, https:\/\/inces.gob.ve\/wp-content\/uploads\/2025\/08\/DSC00506-1024x683.jpg 1024w, https:\/\/inces.gob.ve\/wp-content\/uploads\/2025\/08\/DSC00506-768x512.jpg 768w, https:\/\/inces.gob.ve\/wp-content\/uploads\/2025\/08\/DSC00506-1536x1024.jpg 1536w, https:\/\/inces.gob.ve\/wp-content\/uploads\/2025\/08\/DSC00506-2048x1365.jpg 2048w, https:\/\/inces.gob.ve\/wp-content\/uploads\/2025\/08\/DSC00506-272x182.jpg 272w\" sizes=\"auto, (max-width: 2560px) 100vw, 2560px\" \/><\/p>\n<p>&nbsp;<\/p>\n<p style=\"text-align: justify;\"><strong><span style=\"font-family: helvetica, arial, sans-serif; font-size: 18px;\">Vocer\u00edas de alto nivel<\/span><\/strong><\/p>\n<p style=\"text-align: justify;\"><span style=\"font-weight: 400; font-family: helvetica, arial, sans-serif; font-size: 18px;\">El evento cont\u00f3 con la presencia de un notable grupo de autoridades, lo que evidencia la importancia del Inces en la pol\u00edtica formativa del pa\u00eds y el estado. Estuvieron presentes junto al presidente del Inces, Jorge P\u00e9rez, director estrat\u00e9gico de Formaci\u00f3n y Autoformaci\u00f3n y Alexis Brice\u00f1o, gerente regional del Inces Trujillo.<\/span><\/p>\n<p>&nbsp;<\/p>\n<p style=\"text-align: justify;\"><img loading=\"lazy\" decoding=\"async\" class=\"aligncenter wp-image-66490 size-full\" src=\"https:\/\/inces.gob.ve\/wp-content\/uploads\/2025\/08\/DSC00409-scaled.jpg\" alt=\"\" width=\"2560\" height=\"1707\" srcset=\"https:\/\/inces.gob.ve\/wp-content\/uploads\/2025\/08\/DSC00409-scaled.jpg 2560w, https:\/\/inces.gob.ve\/wp-content\/uploads\/2025\/08\/DSC00409-300x200.jpg 300w, https:\/\/inces.gob.ve\/wp-content\/uploads\/2025\/08\/DSC00409-1024x683.jpg 1024w, https:\/\/inces.gob.ve\/wp-content\/uploads\/2025\/08\/DSC00409-768x512.jpg 768w, https:\/\/inces.gob.ve\/wp-content\/uploads\/2025\/08\/DSC00409-1536x1024.jpg 1536w, https:\/\/inces.gob.ve\/wp-content\/uploads\/2025\/08\/DSC00409-2048x1365.jpg 2048w, https:\/\/inces.gob.ve\/wp-content\/uploads\/2025\/08\/DSC00409-272x182.jpg 272w\" sizes=\"auto, (max-width: 2560px) 100vw, 2560px\" \/><\/p>\n<p>&nbsp;<\/p>\n<p style=\"text-align: justify;\"><span style=\"font-weight: 400; font-family: helvetica, arial, sans-serif; font-size: 18px;\">Por los \u00f3rganos de gobierno, asistieron el diputado Pedro Carre\u00f1o, en representaci\u00f3n de la Asamblea Nacional; el gobernador del estado Trujillo, mayor Gerardo M\u00e1rquez; Temistocles Cabeza, Autoridad \u00danica de Cultura de la regi\u00f3n y el alcalde del municipio Valera, Alfredy Moreno.<\/span><\/p>\n<p>&nbsp;<\/p>\n<p><img loading=\"lazy\" decoding=\"async\" class=\"aligncenter wp-image-66491 size-full\" src=\"https:\/\/inces.gob.ve\/wp-content\/uploads\/2025\/08\/DSC00519-scaled.jpg\" alt=\"\" width=\"2560\" height=\"1251\" srcset=\"https:\/\/inces.gob.ve\/wp-content\/uploads\/2025\/08\/DSC00519-scaled.jpg 2560w, https:\/\/inces.gob.ve\/wp-content\/uploads\/2025\/08\/DSC00519-300x147.jpg 300w, https:\/\/inces.gob.ve\/wp-content\/uploads\/2025\/08\/DSC00519-1024x500.jpg 1024w, https:\/\/inces.gob.ve\/wp-content\/uploads\/2025\/08\/DSC00519-768x375.jpg 768w, https:\/\/inces.gob.ve\/wp-content\/uploads\/2025\/08\/DSC00519-1536x750.jpg 1536w, https:\/\/inces.gob.ve\/wp-content\/uploads\/2025\/08\/DSC00519-2048x1000.jpg 2048w\" sizes=\"auto, (max-width: 2560px) 100vw, 2560px\" \/><\/p>\n<p>&nbsp;<\/p>\n<p style=\"text-align: justify;\"><span style=\"font-weight: 400; font-family: helvetica, arial, sans-serif; font-size: 18px;\">Durante su intervenci\u00f3n, el gobernador del estado Trujillo present\u00f3 un balance del impacto formativo en la entidad, con cifras que reflejan una gesti\u00f3n robusta y orientada principalmente a la juventud y el desarrollo productivo, asimismo destac\u00f3 que el Inces Trujillo es el n\u00famero uno en alcanzar las metas del a\u00f1o 2025.<\/span><\/p>\n<p><img loading=\"lazy\" decoding=\"async\" class=\"aligncenter wp-image-66492 size-full\" src=\"https:\/\/inces.gob.ve\/wp-content\/uploads\/2025\/08\/DSC00562-scaled.jpg\" alt=\"\" width=\"2560\" height=\"1707\" srcset=\"https:\/\/inces.gob.ve\/wp-content\/uploads\/2025\/08\/DSC00562-scaled.jpg 2560w, https:\/\/inces.gob.ve\/wp-content\/uploads\/2025\/08\/DSC00562-300x200.jpg 300w, https:\/\/inces.gob.ve\/wp-content\/uploads\/2025\/08\/DSC00562-1024x683.jpg 1024w, https:\/\/inces.gob.ve\/wp-content\/uploads\/2025\/08\/DSC00562-768x512.jpg 768w, https:\/\/inces.gob.ve\/wp-content\/uploads\/2025\/08\/DSC00562-1536x1024.jpg 1536w, https:\/\/inces.gob.ve\/wp-content\/uploads\/2025\/08\/DSC00562-2048x1365.jpg 2048w, https:\/\/inces.gob.ve\/wp-content\/uploads\/2025\/08\/DSC00562-272x182.jpg 272w\" sizes=\"auto, (max-width: 2560px) 100vw, 2560px\" \/><\/p>\n<p>&nbsp;<\/p>\n<p style=\"text-align: justify;\"><strong><span style=\"font-family: helvetica, arial, sans-serif; font-size: 18px;\">Cifras que enorgullecen\u00a0<\/span><\/strong><\/p>\n<p style=\"text-align: justify;\"><span style=\"font-weight: 400; font-family: helvetica, arial, sans-serif; font-size: 18px;\">Estas son las\u00a0 cifras que convierten al Inces Trujillo en el primer estado en alcanzar la meta estipulada del a\u00f1o 2025:\u00a0<\/span><\/p>\n<ul style=\"text-align: justify;\">\n<li><span style=\"font-weight: 400; font-family: helvetica, arial, sans-serif; font-size: 18px;\"> 31.786 personas atendidas.<\/span><\/li>\n<li><span style=\"font-weight: 400; font-family: helvetica, arial, sans-serif; font-size: 18px;\"> 73,08% de los atendidos son j\u00f3venes, lo que representa 23.230 formaciones dirigidas a este sector.<\/span><\/li>\n<li><span style=\"font-weight: 400; font-family: helvetica, arial, sans-serif; font-size: 18px;\"> 156.353 inscripciones en total, con un promedio de 4,9 participaciones por persona, demostrando un alto nivel de reinserci\u00f3n en diferentes programas.<\/span><\/li>\n<li><span style=\"font-weight: 400; font-family: helvetica, arial, sans-serif; font-size: 18px;\"> 78,67% de las inscripciones (123.007) corresponden a j\u00f3venes.<\/span><\/li>\n<\/ul>\n<p><img loading=\"lazy\" decoding=\"async\" class=\"aligncenter wp-image-66493 size-full\" src=\"https:\/\/inces.gob.ve\/wp-content\/uploads\/2025\/08\/DSC00474-scaled.jpg\" alt=\"\" width=\"2560\" height=\"1707\" srcset=\"https:\/\/inces.gob.ve\/wp-content\/uploads\/2025\/08\/DSC00474-scaled.jpg 2560w, https:\/\/inces.gob.ve\/wp-content\/uploads\/2025\/08\/DSC00474-300x200.jpg 300w, https:\/\/inces.gob.ve\/wp-content\/uploads\/2025\/08\/DSC00474-1024x683.jpg 1024w, https:\/\/inces.gob.ve\/wp-content\/uploads\/2025\/08\/DSC00474-768x512.jpg 768w, https:\/\/inces.gob.ve\/wp-content\/uploads\/2025\/08\/DSC00474-1536x1024.jpg 1536w, https:\/\/inces.gob.ve\/wp-content\/uploads\/2025\/08\/DSC00474-2048x1365.jpg 2048w, https:\/\/inces.gob.ve\/wp-content\/uploads\/2025\/08\/DSC00474-272x182.jpg 272w\" sizes=\"auto, (max-width: 2560px) 100vw, 2560px\" \/><\/p>\n<p>&nbsp;<\/p>\n<p style=\"text-align: justify;\"><span style=\"font-weight: 400; font-family: helvetica, arial, sans-serif; font-size: 18px;\">Los 10 Perfiles Productivos Laborales m\u00e1s demandados en Trujillo fueron:<\/span><\/p>\n<ol style=\"text-align: justify;\">\n<li><span style=\"font-weight: 400; font-family: helvetica, arial, sans-serif; font-size: 18px;\"> Ensamblador de Productos Electr\u00f3nicos\u00a0<\/span><\/li>\n<li><span style=\"font-weight: 400; font-family: helvetica, arial, sans-serif; font-size: 18px;\"> Elaborador de N\u00e9ctar, Jugos Concentrados y Helados a base de Frutas\u00a0<\/span><\/li>\n<li><span style=\"font-weight: 400; font-family: helvetica, arial, sans-serif; font-size: 18px;\"> Mec\u00e1nico de Direcci\u00f3n y Frenos de Autom\u00f3viles\u00a0<\/span><\/li>\n<li><span style=\"font-weight: 400; font-family: helvetica, arial, sans-serif; font-size: 18px;\"> Dimensi\u00f3n Formaci\u00f3n Did\u00e1ctica y Pedag\u00f3gica<\/span><\/li>\n<li><span style=\"font-weight: 400; font-family: helvetica, arial, sans-serif; font-size: 18px;\"> Instalador de Redes y L\u00edneas de Telecomunicaciones\u00a0<\/span><\/li>\n<li><span style=\"font-weight: 400; font-family: helvetica, arial, sans-serif; font-size: 18px;\"> Asistente de Nutrici\u00f3n y Diet\u00e9tica<\/span><\/li>\n<li><span style=\"font-weight: 400; font-family: helvetica, arial, sans-serif; font-size: 18px;\"> Gu\u00eda Ceremonial<\/span><\/li>\n<li><span style=\"font-weight: 400; font-family: helvetica, arial, sans-serif; font-size: 18px;\"> Entrenador Deportivo especialidad: Baloncesto<\/span><\/li>\n<li><span style=\"font-weight: 400; font-family: helvetica, arial, sans-serif; font-size: 18px;\"> Fot\u00f3grafo(a)\u00a0<\/span><\/li>\n<li><span style=\"font-weight: 400; font-family: helvetica, arial, sans-serif; font-size: 18px;\"> Secretario(a) Administrativo(a)<\/span><\/li>\n<\/ol>\n<p><img loading=\"lazy\" decoding=\"async\" class=\"aligncenter wp-image-66494 size-full\" src=\"https:\/\/inces.gob.ve\/wp-content\/uploads\/2025\/08\/DSC00635-scaled.jpg\" alt=\"\" width=\"2560\" height=\"1729\" srcset=\"https:\/\/inces.gob.ve\/wp-content\/uploads\/2025\/08\/DSC00635-scaled.jpg 2560w, https:\/\/inces.gob.ve\/wp-content\/uploads\/2025\/08\/DSC00635-300x203.jpg 300w, https:\/\/inces.gob.ve\/wp-content\/uploads\/2025\/08\/DSC00635-1024x692.jpg 1024w, https:\/\/inces.gob.ve\/wp-content\/uploads\/2025\/08\/DSC00635-768x519.jpg 768w, https:\/\/inces.gob.ve\/wp-content\/uploads\/2025\/08\/DSC00635-1536x1037.jpg 1536w, https:\/\/inces.gob.ve\/wp-content\/uploads\/2025\/08\/DSC00635-2048x1383.jpg 2048w, https:\/\/inces.gob.ve\/wp-content\/uploads\/2025\/08\/DSC00635-305x207.jpg 305w, https:\/\/inces.gob.ve\/wp-content\/uploads\/2025\/08\/DSC00635-622x420.jpg 622w\" sizes=\"auto, (max-width: 2560px) 100vw, 2560px\" \/><\/p>\n<p>&nbsp;<\/p>\n<p style=\"text-align: justify;\"><span style=\"font-weight: 400; font-family: helvetica, arial, sans-serif; font-size: 18px;\">Mirando hacia el futuro, el Inces Trujillo se ha planteado ambiciosos desaf\u00edos para el \u00faltimo cuatrimestre del a\u00f1o.\u00a0<\/span><\/p>\n<p>&nbsp;<\/p>\n<p style=\"text-align: justify;\"><img loading=\"lazy\" decoding=\"async\" class=\"aligncenter wp-image-66495 size-full\" src=\"https:\/\/inces.gob.ve\/wp-content\/uploads\/2025\/08\/DSC00452-scaled.jpg\" alt=\"\" width=\"2560\" height=\"1707\" srcset=\"https:\/\/inces.gob.ve\/wp-content\/uploads\/2025\/08\/DSC00452-scaled.jpg 2560w, https:\/\/inces.gob.ve\/wp-content\/uploads\/2025\/08\/DSC00452-300x200.jpg 300w, https:\/\/inces.gob.ve\/wp-content\/uploads\/2025\/08\/DSC00452-1024x683.jpg 1024w, https:\/\/inces.gob.ve\/wp-content\/uploads\/2025\/08\/DSC00452-768x512.jpg 768w, https:\/\/inces.gob.ve\/wp-content\/uploads\/2025\/08\/DSC00452-1536x1024.jpg 1536w, https:\/\/inces.gob.ve\/wp-content\/uploads\/2025\/08\/DSC00452-2048x1365.jpg 2048w, https:\/\/inces.gob.ve\/wp-content\/uploads\/2025\/08\/DSC00452-272x182.jpg 272w\" sizes=\"auto, (max-width: 2560px) 100vw, 2560px\" \/><\/p>\n<p style=\"text-align: justify;\"><span style=\"font-weight: 400; font-family: helvetica, arial, sans-serif; font-size: 18px;\">La estrategia incluye un abordaje integral a las 221 comunas y circuitos comunales del estado Trujillo. El objetivo es acompa\u00f1ar los procesos que demanden formaci\u00f3n t\u00e9cnica profesional para potenciar la econom\u00eda comunal y los emprendimientos populares, brindando herramientas clave para la formulaci\u00f3n, ejecuci\u00f3n y administraci\u00f3n de recursos de los proyectos de las comunas.\u00a0<\/span><\/p>\n<p><img loading=\"lazy\" decoding=\"async\" class=\"aligncenter wp-image-66496 size-full\" src=\"https:\/\/inces.gob.ve\/wp-content\/uploads\/2025\/08\/DSC00646-scaled.jpg\" alt=\"\" width=\"2560\" height=\"1695\" srcset=\"https:\/\/inces.gob.ve\/wp-content\/uploads\/2025\/08\/DSC00646-scaled.jpg 2560w, https:\/\/inces.gob.ve\/wp-content\/uploads\/2025\/08\/DSC00646-300x199.jpg 300w, https:\/\/inces.gob.ve\/wp-content\/uploads\/2025\/08\/DSC00646-1024x678.jpg 1024w, https:\/\/inces.gob.ve\/wp-content\/uploads\/2025\/08\/DSC00646-768x509.jpg 768w, https:\/\/inces.gob.ve\/wp-content\/uploads\/2025\/08\/DSC00646-1536x1017.jpg 1536w, https:\/\/inces.gob.ve\/wp-content\/uploads\/2025\/08\/DSC00646-2048x1356.jpg 2048w\" sizes=\"auto, (max-width: 2560px) 100vw, 2560px\" \/><\/p>\n<p>&nbsp;<\/p>\n","protected":false},"excerpt":{"rendered":"<p>** La obra y legado del \u201cMaestro de Maestros\u201d, Luis Beltr\u00e1n Prieto Figueroa, es reivindicado en un espacio simb\u00f3lico para las comunidades de la entidad<\/p>\n","protected":false},"author":4,"featured_media":66485,"comment_status":"closed","ping_status":"closed","sticky":false,"template":"","format":"standard","meta":{"footnotes":""},"categories":[2],"tags":[],"class_list":["post-66471","post","type-post","status-publish","format-standard","has-post-thumbnail","hentry","category-blog"],"_links":{"self":[{"href":"https:\/\/inces.gob.ve\/index.php\/wp-json\/wp\/v2\/posts\/66471","targetHints":{"allow":["GET"]}}],"collection":[{"href":"https:\/\/inces.gob.ve\/index.php\/wp-json\/wp\/v2\/posts"}],"about":[{"href":"https:\/\/inces.gob.ve\/index.php\/wp-json\/wp\/v2\/types\/post"}],"author":[{"embeddable":true,"href":"https:\/\/inces.gob.ve\/index.php\/wp-json\/wp\/v2\/users\/4"}],"replies":[{"embeddable":true,"href":"https:\/\/inces.gob.ve\/index.php\/wp-json\/wp\/v2\/comments?post=66471"}],"version-history":[{"count":2,"href":"https:\/\/inces.gob.ve\/index.php\/wp-json\/wp\/v2\/posts\/66471\/revisions"}],"predecessor-version":[{"id":66516,"href":"https:\/\/inces.gob.ve\/index.php\/wp-json\/wp\/v2\/posts\/66471\/revisions\/66516"}],"wp:featuredmedia":[{"embeddable":true,"href":"https:\/\/inces.gob.ve\/index.php\/wp-json\/wp\/v2\/media\/66485"}],"wp:attachment":[{"href":"https:\/\/inces.gob.ve\/index.php\/wp-json\/wp\/v2\/media?parent=66471"}],"wp:term":[{"taxonomy":"category","embeddable":true,"href":"https:\/\/inces.gob.ve\/index.php\/wp-json\/wp\/v2\/categories?post=66471"},{"taxonomy":"post_tag","embeddable":true,"href":"https:\/\/inces.gob.ve\/index.php\/wp-json\/wp\/v2\/tags?post=66471"}],"curies":[{"name":"wp","href":"https:\/\/api.w.org\/{rel}","templated":true}]}}