{"id":66472,"date":"2025-08-28T16:43:05","date_gmt":"2025-08-28T20:43:05","guid":{"rendered":"https:\/\/inces.gob.ve\/?p=66472"},"modified":"2025-08-28T16:43:44","modified_gmt":"2025-08-28T20:43:44","slug":"mintrabajo-obsequio-el-taller-el-poder-de-la-palabra-a-trabajadores-del-inces","status":"publish","type":"post","link":"https:\/\/inces.gob.ve\/index.php\/2025\/08\/28\/mintrabajo-obsequio-el-taller-el-poder-de-la-palabra-a-trabajadores-del-inces\/","title":{"rendered":"MinTrabajo obsequi\u00f3 el taller El Poder de la Palabra a trabajadores del Inces"},"content":{"rendered":"<p style=\"text-align: justify;\"><span style=\"font-family: helvetica, arial, sans-serif; font-size: 18px;\"><em><strong>** La actividad estuvo a cargo del terapeuta y orientador profesional Sim\u00f3n Elbittar y fue un regalo del Ministerio del Poder Popular del Proceso Social de Trabajo al Inces por sus 66 aniversario.<\/strong><\/em><!--more--><\/span><\/p>\n<p>&nbsp;<\/p>\n<p style=\"text-align: justify;\"><span style=\"font-family: helvetica, arial, sans-serif; font-size: 18px;\">En un ambiente ameno y lleno de entusiasmo, los trabajadores del Instituto Nacional de Capacitaci\u00f3n y Educaci\u00f3n Socialista (Inces) recibieron el taller El Poder de la Palabra, dictado por el orientador profesional Sim\u00f3n Elbittar. La charla se realiz\u00f3 con la finalidad de brindar herramientas que le permitan al individuo reprogramar sus pensamientos, haci\u00e9ndolos m\u00e1s positivos. El encuentro es un regalo que realiz\u00f3 el Ministerio del Poder Popular para el Proceso Social de Trabajo al Inces por su 66 aniversario.<\/span><\/p>\n<p>&nbsp;<\/p>\n<p><img loading=\"lazy\" decoding=\"async\" class=\"aligncenter wp-image-66477 size-full\" src=\"https:\/\/inces.gob.ve\/wp-content\/uploads\/2025\/08\/primera-c8fb9-e1756413235923.jpeg\" alt=\"\" width=\"800\" height=\"536\" \/><\/p>\n<p style=\"text-align: justify;\"><span style=\"font-family: helvetica, arial, sans-serif; font-size: 18px;\">A trav\u00e9s de la experiencia de relaci\u00f3n de pareja, Elbittar explic\u00f3 c\u00f3mo los pensamientos son constituidos por palabras y c\u00f3mo estos pensamientos se convierten en acciones que determinan el comportamiento de una persona.<\/span><\/p>\n<p style=\"text-align: justify;\"><span style=\"font-family: helvetica, arial, sans-serif; font-size: 18px;\">El terapeuta tambi\u00e9n describi\u00f3 la importancia que tienen las palabras que se escuchan, ejemplificando su fundamento en canciones con mensajes positivos y negativos.<\/span><\/p>\n<p>&nbsp;<\/p>\n<p><img loading=\"lazy\" decoding=\"async\" class=\"aligncenter wp-image-66473 size-full\" src=\"https:\/\/inces.gob.ve\/wp-content\/uploads\/2025\/08\/QUINTA--e1756413285364.jpeg\" alt=\"\" width=\"800\" height=\"789\" \/>1075<\/p>\n<p style=\"text-align: justify;\"><span style=\"font-family: helvetica, arial, sans-serif; font-size: 18px;\">Se\u00f1al\u00f3 que a trav\u00e9s del Poder de la Palabra el Inces tiene una gran oportunidad para demostrar valores que programen pensamientos adecuados en las personas.<\/span><\/p>\n<p style=\"text-align: justify;\"><span style=\"font-family: helvetica, arial, sans-serif; font-size: 18px;\">Para los trabajadores el taller gener\u00f3 un espacio para reflexionar en cuanto al uso de las palabras. En este contexto, Adriana Rosendo, trabajadora de la Gerencia General de Investigaci\u00f3n y Desarrollo expres\u00f3 que la presentaci\u00f3n le pareci\u00f3 muy oportuna porque le permite evaluar cu\u00e1les son las palabras que est\u00e1 usando para su programaci\u00f3n personal y analizar si esa programaci\u00f3n suma o resta en el desarrollo personal y profesional.<\/span><\/p>\n<p>&nbsp;<\/p>\n<p><img loading=\"lazy\" decoding=\"async\" class=\"aligncenter wp-image-66478 size-full\" src=\"https:\/\/inces.gob.ve\/wp-content\/uploads\/2025\/08\/LAmitad-9ae13-e1756413410182.jpeg\" alt=\"\" width=\"800\" height=\"536\" \/><\/p>\n<p style=\"text-align: justify;\"><span style=\"font-family: helvetica, arial, sans-serif; font-size: 18px;\">Por su parte, el jefe de transporte del Inces Distrito Capital, Gustavo Villalobos, manifest\u00f3 que las sugerencias recibidas son muy \u00fatiles y pr\u00e1cticas para todo el personal del la instituci\u00f3n, porque as\u00ed se puede mejorar las relaciones interpersonales.<\/span><\/p>\n<p>&nbsp;<\/p>\n<p><img loading=\"lazy\" decoding=\"async\" class=\"aligncenter wp-image-66479 size-full\" src=\"https:\/\/inces.gob.ve\/wp-content\/uploads\/2025\/08\/ADRIANA-INCES-6-3129-e1756413481846.jpeg\" alt=\"\" width=\"800\" height=\"680\" \/><\/p>\n<p style=\"text-align: justify;\"><span style=\"font-family: helvetica, arial, sans-serif; font-size: 18px;\">El taller cont\u00f3 con una din\u00e1mica grupal, donde los participantes de las distintas gerencias y una delegaci\u00f3n de Mintrabajo interactuaron con el terapeuta por medio de preguntas y respuestas que se fueron generando durante el desarrollo del taller.<\/span><\/p>\n<p><img loading=\"lazy\" decoding=\"async\" class=\"aligncenter wp-image-66480 size-full\" src=\"https:\/\/inces.gob.ve\/wp-content\/uploads\/2025\/08\/gustavo-68fe5-e1756413602300.jpeg\" alt=\"\" width=\"800\" height=\"536\" \/><\/p>\n<p><img loading=\"lazy\" decoding=\"async\" class=\"aligncenter wp-image-66481 \" src=\"https:\/\/inces.gob.ve\/wp-content\/uploads\/2025\/08\/ESPOSOSS-499.jpeg\" alt=\"\" width=\"798\" height=\"534\" srcset=\"https:\/\/inces.gob.ve\/wp-content\/uploads\/2025\/08\/ESPOSOSS-499.jpeg 1600w, https:\/\/inces.gob.ve\/wp-content\/uploads\/2025\/08\/ESPOSOSS-499-300x201.jpeg 300w, https:\/\/inces.gob.ve\/wp-content\/uploads\/2025\/08\/ESPOSOSS-499-1024x685.jpeg 1024w, https:\/\/inces.gob.ve\/wp-content\/uploads\/2025\/08\/ESPOSOSS-499-768x514.jpeg 768w, https:\/\/inces.gob.ve\/wp-content\/uploads\/2025\/08\/ESPOSOSS-499-1536x1028.jpeg 1536w, https:\/\/inces.gob.ve\/wp-content\/uploads\/2025\/08\/ESPOSOSS-499-272x182.jpeg 272w\" sizes=\"auto, (max-width: 798px) 100vw, 798px\" \/><\/p>\n<p>&nbsp;<\/p>\n","protected":false},"excerpt":{"rendered":"<p>** La actividad estuvo a cargo del terapeuta y orientador profesional Sim\u00f3n Elbittar y fue un regalo del Ministerio del Poder Popular del Proceso Social de Trabajo al Inces por sus 66 aniversario.<\/p>\n","protected":false},"author":15,"featured_media":66474,"comment_status":"closed","ping_status":"closed","sticky":false,"template":"","format":"standard","meta":{"footnotes":""},"categories":[2],"tags":[],"class_list":["post-66472","post","type-post","status-publish","format-standard","has-post-thumbnail","hentry","category-blog"],"_links":{"self":[{"href":"https:\/\/inces.gob.ve\/index.php\/wp-json\/wp\/v2\/posts\/66472","targetHints":{"allow":["GET"]}}],"collection":[{"href":"https:\/\/inces.gob.ve\/index.php\/wp-json\/wp\/v2\/posts"}],"about":[{"href":"https:\/\/inces.gob.ve\/index.php\/wp-json\/wp\/v2\/types\/post"}],"author":[{"embeddable":true,"href":"https:\/\/inces.gob.ve\/index.php\/wp-json\/wp\/v2\/users\/15"}],"replies":[{"embeddable":true,"href":"https:\/\/inces.gob.ve\/index.php\/wp-json\/wp\/v2\/comments?post=66472"}],"version-history":[{"count":3,"href":"https:\/\/inces.gob.ve\/index.php\/wp-json\/wp\/v2\/posts\/66472\/revisions"}],"predecessor-version":[{"id":66484,"href":"https:\/\/inces.gob.ve\/index.php\/wp-json\/wp\/v2\/posts\/66472\/revisions\/66484"}],"wp:featuredmedia":[{"embeddable":true,"href":"https:\/\/inces.gob.ve\/index.php\/wp-json\/wp\/v2\/media\/66474"}],"wp:attachment":[{"href":"https:\/\/inces.gob.ve\/index.php\/wp-json\/wp\/v2\/media?parent=66472"}],"wp:term":[{"taxonomy":"category","embeddable":true,"href":"https:\/\/inces.gob.ve\/index.php\/wp-json\/wp\/v2\/categories?post=66472"},{"taxonomy":"post_tag","embeddable":true,"href":"https:\/\/inces.gob.ve\/index.php\/wp-json\/wp\/v2\/tags?post=66472"}],"curies":[{"name":"wp","href":"https:\/\/api.w.org\/{rel}","templated":true}]}}