{"id":66531,"date":"2025-09-01T13:03:19","date_gmt":"2025-09-01T17:03:19","guid":{"rendered":"https:\/\/inces.gob.ve\/?p=66531"},"modified":"2025-09-01T13:48:40","modified_gmt":"2025-09-01T17:48:40","slug":"inces-conmemora-legado-de-luis-beltran-prieto-figueroa-en-su-66-aniversario","status":"publish","type":"post","link":"https:\/\/inces.gob.ve\/index.php\/2025\/09\/01\/inces-conmemora-legado-de-luis-beltran-prieto-figueroa-en-su-66-aniversario\/","title":{"rendered":"Estado Nueva Esparta | Inces conmemora legado de Luis Beltr\u00e1n Prieto Figueroa en su 66 aniversario\u00a0"},"content":{"rendered":"<p style=\"text-align: justify;\"><em><strong><span style=\"font-family: helvetica, arial, sans-serif; font-size: 18px;\">** El evento, denominado Un cafecito con Prieto, reuni\u00f3 a autoridades regionales, emprendedores y comunidad en general para intercambiar saberes sobre literatura y cultura.<\/span><\/strong><\/em><!--more--><\/p>\n<p>&nbsp;<\/p>\n<p style=\"text-align: justify;\"><span style=\"font-family: helvetica, arial, sans-serif; font-size: 18px;\">LUIS ROSA<\/span><br \/>\n<span style=\"font-family: helvetica, arial, sans-serif; font-size: 18px;\">En el marco del 66\u00b0 aniversario del Instituto Nacional de Capacitaci\u00f3n y Educaci\u00f3n Socialista (Inces), el Centro de Formaci\u00f3n Socialista Guaraguao, ubicado en el municipio Mari\u00f1o de Porlamar, fue escenario de un emotivo acto conmemorativo en honor al insigne maestro Luis Beltr\u00e1n Prieto Figueroa.<\/span><\/p>\n<p>&nbsp;<\/p>\n<p><img loading=\"lazy\" decoding=\"async\" class=\"aligncenter wp-image-66533 size-full\" src=\"https:\/\/inces.gob.ve\/wp-content\/uploads\/2025\/09\/00000004--e1756746019983.jpeg\" alt=\"\" width=\"800\" height=\"381\" \/><\/p>\n<p style=\"text-align: justify;\"><span style=\"font-family: helvetica, arial, sans-serif; font-size: 18px;\">El evento denominado Un cafecito con Prieto, reuni\u00f3 a autoridades regionales, emprendedores\u00a0 y comunidad en general en una jornada cargada de literatura, cultura y reconocimiento.<\/span><\/p>\n<p style=\"text-align: justify;\"><span style=\"font-family: helvetica, arial, sans-serif; font-size: 18px;\">La actividad cont\u00f3 con la disertaci\u00f3n especial del maestro Manuel Garc\u00eda, encargado de la Sala Estadal Dr. Luis Beltr\u00e1n Prieto Figueroa de la Biblioteca P\u00fablica Central Loreto Prieto Higuerey, quien ofreci\u00f3 una mirada profunda sobre el legado educativo y humanista del maestro Prieto Figueroa.\u00a0<\/span><\/p>\n<p>&nbsp;<\/p>\n<p><img loading=\"lazy\" decoding=\"async\" class=\"aligncenter wp-image-66532 size-full\" src=\"https:\/\/inces.gob.ve\/wp-content\/uploads\/2025\/09\/00000005-6d-e1756746068603.jpeg\" alt=\"\" width=\"800\" height=\"749\" \/><\/p>\n<p style=\"text-align: justify;\"><span style=\"font-family: helvetica, arial, sans-serif; font-size: 18px;\">La gerente regional del Inces Nueva Esparta, Laurie Zabala, comparti\u00f3 unas emotivas palabras sobre la recuperaci\u00f3n de los espacios del Paseo Guaraguao, resaltando el compromiso institucional con la transformaci\u00f3n social y comunitaria.<\/span><\/p>\n<p style=\"text-align: justify;\"><span style=\"font-family: helvetica, arial, sans-serif; font-size: 18px;\">Durante la jornada, los asistentes disfrutaron de la presentaci\u00f3n de bailes culturales a cargo de Danzas Perlas Orientales, exposiciones de productos elaborados por emprendedores locales en un ambiente de integraci\u00f3n que reafirm\u00f3 el papel del Inces como motor de formaci\u00f3n y desarrollo.<\/span><\/p>\n<p>&nbsp;<\/p>\n<p><img loading=\"lazy\" decoding=\"async\" class=\"aligncenter wp-image-66534 size-full\" src=\"https:\/\/inces.gob.ve\/wp-content\/uploads\/2025\/09\/000003-4670-e1756746129788.jpeg\" alt=\"\" width=\"800\" height=\"528\" \/><\/p>\n<p style=\"text-align: justify;\"><span style=\"font-family: helvetica, arial, sans-serif; font-size: 18px;\">Al acto acudieron destacadas autoridades regionales, entre ellas la presidenta del Instituto Aut\u00f3nomo Socialista Bolivariano de Tecnolog\u00eda e Innovaci\u00f3n del Estado Nueva Esparta (IASBTIENE), Rosa Cede\u00f1o; la diputada a la Asamblea Nacional, Hilda Mata; la presidenta del Concejo Municipal Santiago Mari\u00f1o, T\u00e1mara Garc\u00eda; la coordinadora regional del Movimiento Emprendedor del Estado Bolivariano de Nueva Esparta, Wuynha Acurero y el director del Poder Popular para la Educaci\u00f3n de la Gobernaci\u00f3n del estado Bolivariano de Nueva Esparta, M.Sc. Ram\u00f3n Marval Marval.<\/span><\/p>\n","protected":false},"excerpt":{"rendered":"<p>** El evento, denominado Un cafecito con Prieto, reuni\u00f3 a autoridades regionales, emprendedores y comunidad en general para intercambiar saberes sobre literatura y cultura.<\/p>\n","protected":false},"author":15,"featured_media":66535,"comment_status":"closed","ping_status":"closed","sticky":false,"template":"","format":"standard","meta":{"footnotes":""},"categories":[2],"tags":[],"class_list":["post-66531","post","type-post","status-publish","format-standard","has-post-thumbnail","hentry","category-blog"],"_links":{"self":[{"href":"https:\/\/inces.gob.ve\/index.php\/wp-json\/wp\/v2\/posts\/66531","targetHints":{"allow":["GET"]}}],"collection":[{"href":"https:\/\/inces.gob.ve\/index.php\/wp-json\/wp\/v2\/posts"}],"about":[{"href":"https:\/\/inces.gob.ve\/index.php\/wp-json\/wp\/v2\/types\/post"}],"author":[{"embeddable":true,"href":"https:\/\/inces.gob.ve\/index.php\/wp-json\/wp\/v2\/users\/15"}],"replies":[{"embeddable":true,"href":"https:\/\/inces.gob.ve\/index.php\/wp-json\/wp\/v2\/comments?post=66531"}],"version-history":[{"count":3,"href":"https:\/\/inces.gob.ve\/index.php\/wp-json\/wp\/v2\/posts\/66531\/revisions"}],"predecessor-version":[{"id":66557,"href":"https:\/\/inces.gob.ve\/index.php\/wp-json\/wp\/v2\/posts\/66531\/revisions\/66557"}],"wp:featuredmedia":[{"embeddable":true,"href":"https:\/\/inces.gob.ve\/index.php\/wp-json\/wp\/v2\/media\/66535"}],"wp:attachment":[{"href":"https:\/\/inces.gob.ve\/index.php\/wp-json\/wp\/v2\/media?parent=66531"}],"wp:term":[{"taxonomy":"category","embeddable":true,"href":"https:\/\/inces.gob.ve\/index.php\/wp-json\/wp\/v2\/categories?post=66531"},{"taxonomy":"post_tag","embeddable":true,"href":"https:\/\/inces.gob.ve\/index.php\/wp-json\/wp\/v2\/tags?post=66531"}],"curies":[{"name":"wp","href":"https:\/\/api.w.org\/{rel}","templated":true}]}}