{"id":66537,"date":"2025-09-01T13:13:08","date_gmt":"2025-09-01T17:13:08","guid":{"rendered":"https:\/\/inces.gob.ve\/?p=66537"},"modified":"2025-09-01T13:14:26","modified_gmt":"2025-09-01T17:14:26","slug":"la-tecnica-se-aprende-en-las-aulas-del-inces","status":"publish","type":"post","link":"https:\/\/inces.gob.ve\/index.php\/2025\/09\/01\/la-tecnica-se-aprende-en-las-aulas-del-inces\/","title":{"rendered":"La t\u00e9cnica se aprende en las aulas del Inces"},"content":{"rendered":"<p style=\"text-align: justify;\"><span style=\"font-family: helvetica, arial, sans-serif; font-size: 18px;\"><em><strong>***Los aprendices de la ocupaci\u00f3n cualificada Secretario Administrativo presentaron cierre de la primera fase de capacitaci\u00f3n<\/strong><\/em><!--more--><\/span><\/p>\n<p style=\"text-align: justify;\"><span style=\"font-family: helvetica, arial, sans-serif; font-size: 18px;\">YOLAICE VARGAS<\/span><br \/>\n<span style=\"font-family: helvetica, arial, sans-serif; font-size: 18px;\">\u00a0De una manera din\u00e1mica, divertida y muy profesional los aprendices de la Ocupaci\u00f3n Cualificada Secretario Administrativo 2, del Instituto Nacional de Capacitaci\u00f3n y Educaci\u00f3n Socialista (Inces), regi\u00f3n Yaracuy, realizaron cierre de la primera etapa de formaci\u00f3n, demostrando la t\u00e9cnica aprendida.<\/span><br \/>\n<span style=\"font-family: helvetica, arial, sans-serif; font-size: 18px;\">Los j\u00f3venes mostraron ante los presentes,\u00a0\u00a0los conocimientos adquiridos durante el primer a\u00f1o de capacitaci\u00f3n, haciendo un breve recuento de todas las unidades curriculares que componen el perfil.<\/span><\/p>\n<p>&nbsp;<\/p>\n<p><img loading=\"lazy\" decoding=\"async\" class=\"aligncenter wp-image-66538 size-full\" src=\"https:\/\/inces.gob.ve\/wp-content\/uploads\/2025\/09\/0000000033333-a4c-e1756746586595.jpeg\" alt=\"\" width=\"800\" height=\"468\" \/><\/p>\n<p style=\"text-align: justify;\"><span style=\"font-family: helvetica, arial, sans-serif; font-size: 18px;\">Con un perfecto dominio del tema, manejo del escenario y t\u00e9cnicas para controlar las emociones, los aprendices realizaron una extraordinaria dramatizaci\u00f3n con la que dejaron en evidencia la calidad formativa que recibieron en la instituci\u00f3n.<\/span><\/p>\n<p>&nbsp;<\/p>\n<p><img loading=\"lazy\" decoding=\"async\" class=\"aligncenter wp-image-66541 size-full\" src=\"https:\/\/inces.gob.ve\/wp-content\/uploads\/2025\/09\/0000001-64-e1756746659652.jpeg\" alt=\"\" width=\"800\" height=\"553\" \/><\/p>\n<p style=\"text-align: justify;\"><span style=\"font-family: helvetica, arial, sans-serif; font-size: 18px;\">Durante el desarrollo de la actividad fueron enf\u00e1ticos al resaltar que en cada aula de clases se aprende la t\u00e9cnica impartida por cada uno de los maestros, quienes son\u00a0\u00a0profesionales de alta trayectoria y experiencia en formaci\u00f3n profesional.<\/span><\/p>\n<p>&nbsp;<\/p>\n<p style=\"text-align: justify;\"><img loading=\"lazy\" decoding=\"async\" class=\"aligncenter wp-image-66539 size-full\" src=\"https:\/\/inces.gob.ve\/wp-content\/uploads\/2025\/09\/00000000005-591-e1756746708247.jpeg\" alt=\"\" width=\"800\" height=\"485\" \/><br \/>\n<span style=\"font-family: helvetica, arial, sans-serif; font-size: 18px;\">De igual manera presentaron una bonita din\u00e1mica para agradecer a cada uno de los padres y representantes quienes fueron la inspiraci\u00f3n y motivaci\u00f3n en el acompa\u00f1amiento del camino recorrido.<\/span><\/p>\n","protected":false},"excerpt":{"rendered":"<p>***Los aprendices de la ocupaci\u00f3n cualificada Secretario Administrativo presentaron cierre de la primera fase de capacitaci\u00f3n<\/p>\n","protected":false},"author":15,"featured_media":66540,"comment_status":"closed","ping_status":"closed","sticky":false,"template":"","format":"standard","meta":{"footnotes":""},"categories":[2],"tags":[],"class_list":["post-66537","post","type-post","status-publish","format-standard","has-post-thumbnail","hentry","category-blog"],"_links":{"self":[{"href":"https:\/\/inces.gob.ve\/index.php\/wp-json\/wp\/v2\/posts\/66537","targetHints":{"allow":["GET"]}}],"collection":[{"href":"https:\/\/inces.gob.ve\/index.php\/wp-json\/wp\/v2\/posts"}],"about":[{"href":"https:\/\/inces.gob.ve\/index.php\/wp-json\/wp\/v2\/types\/post"}],"author":[{"embeddable":true,"href":"https:\/\/inces.gob.ve\/index.php\/wp-json\/wp\/v2\/users\/15"}],"replies":[{"embeddable":true,"href":"https:\/\/inces.gob.ve\/index.php\/wp-json\/wp\/v2\/comments?post=66537"}],"version-history":[{"count":2,"href":"https:\/\/inces.gob.ve\/index.php\/wp-json\/wp\/v2\/posts\/66537\/revisions"}],"predecessor-version":[{"id":66543,"href":"https:\/\/inces.gob.ve\/index.php\/wp-json\/wp\/v2\/posts\/66537\/revisions\/66543"}],"wp:featuredmedia":[{"embeddable":true,"href":"https:\/\/inces.gob.ve\/index.php\/wp-json\/wp\/v2\/media\/66540"}],"wp:attachment":[{"href":"https:\/\/inces.gob.ve\/index.php\/wp-json\/wp\/v2\/media?parent=66537"}],"wp:term":[{"taxonomy":"category","embeddable":true,"href":"https:\/\/inces.gob.ve\/index.php\/wp-json\/wp\/v2\/categories?post=66537"},{"taxonomy":"post_tag","embeddable":true,"href":"https:\/\/inces.gob.ve\/index.php\/wp-json\/wp\/v2\/tags?post=66537"}],"curies":[{"name":"wp","href":"https:\/\/api.w.org\/{rel}","templated":true}]}}