{"id":66544,"date":"2025-09-01T13:25:45","date_gmt":"2025-09-01T17:25:45","guid":{"rendered":"https:\/\/inces.gob.ve\/?p=66544"},"modified":"2025-09-01T13:31:01","modified_gmt":"2025-09-01T17:31:01","slug":"merida-cfs-el-vigia-conmemora-aniversario-con-una-muestra-productiva-2","status":"publish","type":"post","link":"https:\/\/inces.gob.ve\/index.php\/2025\/09\/01\/merida-cfs-el-vigia-conmemora-aniversario-con-una-muestra-productiva-2\/","title":{"rendered":"M\u00e9rida | CFS El Vig\u00eda conmemora aniversario con una muestra productiva"},"content":{"rendered":"<p style=\"text-align: justify;\"><em><strong>*<span style=\"font-family: helvetica, arial, sans-serif; font-size: 18px;\">* Participantes, aprendices, maestros y trabajadores participaron en la exhibici\u00f3n de piezas, productos y servicios que ofrecen tras recibir formaci\u00f3n t\u00e9cnica profesional en el Inces<\/span><\/strong><\/em><span style=\"font-family: helvetica, arial, sans-serif; font-size: 18px;\"><!--more--><\/span><\/p>\n<p>&nbsp;<\/p>\n<p style=\"text-align: justify;\"><span style=\"font-family: helvetica, arial, sans-serif; font-size: 18px;\">NADIA LOBO<\/span><\/p>\n<p style=\"text-align: justify;\"><span style=\"font-family: helvetica, arial, sans-serif; font-size: 18px;\">Con una hermosa colorida y exquisita exposici\u00f3n, participantes muestran con orgullo el resultado de la capacitaci\u00f3n y formaci\u00f3n t\u00e9cnica profesional que reciben del Instituto Nacional de Capacitaci\u00f3n y Educaci\u00f3n Socialista (Inces) que es impartida a trav\u00e9s del Centro de Formaci\u00f3n Socialista Polivalente (CFS) El Vig\u00eda, ubicado en el municipio Alberto Adriani del estado M\u00e9rida.<\/span><\/p>\n<p>&nbsp;<\/p>\n<p>&nbsp;<\/p>\n<p style=\"text-align: justify;\"><img loading=\"lazy\" decoding=\"async\" class=\"aligncenter wp-image-66549 size-full\" src=\"https:\/\/inces.gob.ve\/wp-content\/uploads\/2025\/09\/00000002-747-e1756747262493.jpeg\" alt=\"\" width=\"800\" height=\"600\" \/><\/p>\n<p>&nbsp;<\/p>\n<p style=\"text-align: justify;\"><span style=\"font-family: helvetica, arial, sans-serif; font-size: 18px;\">La actividad se desarroll\u00f3 a prop\u00f3sito del 66 aniversario del Inces. Fue propicia la ocasi\u00f3n para rendir un merecido homenaje al profesor jubilado Pedro Valdivia, quien por muchos a\u00f1os estuvo a cargo del CFS El Vig\u00eda. Durante su trayectoria demostr\u00f3 su pasi\u00f3n y compromiso por los preceptos y por el legado del fundador del Inces, el maestro Luis Beltr\u00e1n Prieto Figueroa.<\/span><\/p>\n<p>&nbsp;<\/p>\n<p>\ufffc<\/p>\n<p><img loading=\"lazy\" decoding=\"async\" class=\"aligncenter wp-image-66545 size-full\" src=\"https:\/\/inces.gob.ve\/wp-content\/uploads\/2025\/09\/00000007-b2af-e1756747316930.jpeg\" alt=\"\" width=\"800\" height=\"566\" \/><\/p>\n<p style=\"text-align: justify;\"><span style=\"font-family: helvetica, arial, sans-serif; font-size: 18px;\">Desde la entrada de la recepci\u00f3n, pasando por los largos pasillos del centro de formaci\u00f3n hasta el \u00faltimo taller, se vistieron de colores, aromas, sabores y mostraron sus mejores piezas, obras, as\u00ed como servicios y productos que fueron confeccionados durante la formaci\u00f3n que reciben los estudiantes en sus diferentes opciones formativas.<\/span><\/p>\n<p>&nbsp;<\/p>\n<p>&nbsp;<\/p>\n<p><img loading=\"lazy\" decoding=\"async\" class=\"aligncenter wp-image-66547 size-full\" src=\"https:\/\/inces.gob.ve\/wp-content\/uploads\/2025\/09\/00000005-fa-e1756747371717.jpeg\" alt=\"\" width=\"800\" height=\"631\" \/><\/p>\n<p style=\"text-align: justify;\"><span style=\"font-family: helvetica, arial, sans-serif; font-size: 18px;\">La jefa de Formaci\u00f3n Profesional del Inces, Yadira Zerpa, acompa\u00f1ado del jefe del CFS El Vig\u00eda, Eiver Berm\u00fadez, trabajadores, jubilados y vecinos de la comunidad, tras el corte de cinta, realizaron un recorrido por cada uno de los stand, donde pudieron conversar y escuchar las experiencias de los participantes.<\/span><\/p>\n<p>&nbsp;<\/p>\n<p style=\"text-align: justify;\"><span style=\"font-family: helvetica, arial, sans-serif; font-size: 18px;\">Durante el recorrido por la Tercera Expoferia de la entidad andina, se pudo evidenciar producci\u00f3n en cada uno de los siguientes perfiles productivos: Mec\u00e1nica de refrigeraci\u00f3n, analista de sistema con alfabetizaci\u00f3n tecnol\u00f3gica, asistente administrativo, pastelero, panader\u00eda, orientaci\u00f3n y atenci\u00f3n al usuario, confecci\u00f3n de uniformes, productor agroecol\u00f3gico, estilismo, peluquer\u00eda y barber\u00eda.<\/span><\/p>\n<p>&nbsp;<\/p>\n<p>&nbsp;<\/p>\n<p><img loading=\"lazy\" decoding=\"async\" class=\"aligncenter wp-image-66554 size-full\" src=\"https:\/\/inces.gob.ve\/wp-content\/uploads\/2025\/09\/000000000999999999-9-c-e1756747661850.jpeg\" alt=\"\" width=\"800\" height=\"600\" \/><\/p>\n<p>&nbsp;<\/p>\n<p>&nbsp;<\/p>\n<p style=\"text-align: justify;\"><span style=\"font-family: helvetica, arial, sans-serif; font-size: 18px;\">Por su parte los aprendices del Programa Nacional de Aprendizaje, (PNA) socializaron con creatividad los conocimientos, t\u00e9cnicas y procedimientos de las diferentes unidades curriculares que contempla el Perfil Productivo Secretariado Administrativo, mostrando el resultado de su formaci\u00f3n.<\/span><\/p>\n<p>&nbsp;<\/p>\n<p><img loading=\"lazy\" decoding=\"async\" class=\"aligncenter wp-image-66546 size-full\" src=\"https:\/\/inces.gob.ve\/wp-content\/uploads\/2025\/09\/00000006-2-e1756747474441.jpeg\" alt=\"\" width=\"800\" height=\"528\" \/><\/p>\n<p style=\"text-align: justify;\"><span style=\"font-family: helvetica, arial, sans-serif; font-size: 18px;\">El acto central culmin\u00f3 con la entrega de reconocimientos a los trabajadores, instituciones y personalidades que forman parte de este proceso de formaci\u00f3n que se desarrolla en esta importante zona del estado M\u00e9rida.<\/span><\/p>\n","protected":false},"excerpt":{"rendered":"<p>** Participantes, aprendices, maestros y trabajadores participaron en la exhibici\u00f3n de piezas, productos y servicios que ofrecen tras recibir formaci\u00f3n t\u00e9cnica profesional en el Inces<\/p>\n","protected":false},"author":15,"featured_media":66550,"comment_status":"closed","ping_status":"closed","sticky":false,"template":"","format":"standard","meta":{"footnotes":""},"categories":[2],"tags":[],"class_list":["post-66544","post","type-post","status-publish","format-standard","has-post-thumbnail","hentry","category-blog"],"_links":{"self":[{"href":"https:\/\/inces.gob.ve\/index.php\/wp-json\/wp\/v2\/posts\/66544","targetHints":{"allow":["GET"]}}],"collection":[{"href":"https:\/\/inces.gob.ve\/index.php\/wp-json\/wp\/v2\/posts"}],"about":[{"href":"https:\/\/inces.gob.ve\/index.php\/wp-json\/wp\/v2\/types\/post"}],"author":[{"embeddable":true,"href":"https:\/\/inces.gob.ve\/index.php\/wp-json\/wp\/v2\/users\/15"}],"replies":[{"embeddable":true,"href":"https:\/\/inces.gob.ve\/index.php\/wp-json\/wp\/v2\/comments?post=66544"}],"version-history":[{"count":4,"href":"https:\/\/inces.gob.ve\/index.php\/wp-json\/wp\/v2\/posts\/66544\/revisions"}],"predecessor-version":[{"id":66555,"href":"https:\/\/inces.gob.ve\/index.php\/wp-json\/wp\/v2\/posts\/66544\/revisions\/66555"}],"wp:featuredmedia":[{"embeddable":true,"href":"https:\/\/inces.gob.ve\/index.php\/wp-json\/wp\/v2\/media\/66550"}],"wp:attachment":[{"href":"https:\/\/inces.gob.ve\/index.php\/wp-json\/wp\/v2\/media?parent=66544"}],"wp:term":[{"taxonomy":"category","embeddable":true,"href":"https:\/\/inces.gob.ve\/index.php\/wp-json\/wp\/v2\/categories?post=66544"},{"taxonomy":"post_tag","embeddable":true,"href":"https:\/\/inces.gob.ve\/index.php\/wp-json\/wp\/v2\/tags?post=66544"}],"curies":[{"name":"wp","href":"https:\/\/api.w.org\/{rel}","templated":true}]}}