{"id":66575,"date":"2025-09-01T15:04:20","date_gmt":"2025-09-01T19:04:20","guid":{"rendered":"https:\/\/inces.gob.ve\/?p=66575"},"modified":"2025-09-01T15:04:24","modified_gmt":"2025-09-01T19:04:24","slug":"guarico-inces-celebra-su-66-aniversario-con-entrega-de-certificados-a-trabajadores-de-inparques","status":"publish","type":"post","link":"https:\/\/inces.gob.ve\/index.php\/2025\/09\/01\/guarico-inces-celebra-su-66-aniversario-con-entrega-de-certificados-a-trabajadores-de-inparques\/","title":{"rendered":"Gu\u00e1rico  | Inces celebra su 66 aniversario con entrega de certificados a trabajadores de INPARQUES"},"content":{"rendered":"<p style=\"text-align: justify;\"><span style=\"font-family: helvetica, arial, sans-serif; font-size: 18px;\"><em><strong>** La instituci\u00f3n refuerza la articulaci\u00f3n con las entidades de trabajo, promoviendo la formaci\u00f3n continua como v\u00eda para el crecimiento profesional, la eficiencia institucional y el empoderamiento de la clase trabajadora<\/strong><\/em><!--more--><\/span><\/p>\n<p style=\"text-align: justify;\"><span style=\"font-family: helvetica, arial, sans-serif; font-size: 18px;\">MAR\u00cdA SANTIAGO<\/span><\/p>\n<p style=\"text-align: justify;\"><span style=\"font-family: helvetica, arial, sans-serif; font-size: 18px;\">En el marco de la celebraci\u00f3n por el 66 aniversario del Instituto Nacional de Capacitaci\u00f3n y Educaci\u00f3n Socialista (Inces), se realiz\u00f3 un emotivo acto de entrega de certificados a trabajadores de la entidad de trabajo INPARQUES, en reconocimiento a su participaci\u00f3n en procesos formativos orientados al fortalecimiento institucional y al desarrollo humano.<\/span><\/p>\n<p style=\"text-align: justify;\"><span style=\"font-family: helvetica, arial, sans-serif; font-size: 18px;\">La actividad tuvo lugar en los espacios del Centro de Formaci\u00f3n Socialista Altagracia de Orituco, bajo la coordinaci\u00f3n de la jefa del centro Lirelis Garc\u00eda, junto al responsable del \u00e1mbito entidades de trabajo Robert Flores, y las maestras t\u00e9cnicas productivas Yusmila S\u00e1nchez y F\u00e1tima Carrasquel, quienes acompa\u00f1aron el proceso formativo desde su planificaci\u00f3n hasta la acreditaci\u00f3n.<\/span><\/p>\n<p style=\"text-align: justify;\"><span style=\"font-family: helvetica, arial, sans-serif; font-size: 18px;\"><img loading=\"lazy\" decoding=\"async\" class=\"aligncenter wp-image-66577 size-full\" src=\"https:\/\/inces.gob.ve\/wp-content\/uploads\/2025\/09\/000-1-44-e1756753274881.jpeg\" alt=\"\" width=\"800\" height=\"435\" \/><\/span><\/p>\n<p style=\"text-align: justify;\"><span style=\"font-family: helvetica, arial, sans-serif; font-size: 18px;\">En total, se entregaron 108 certificados a 36 trabajadores que culminaron exitosamente las siguientes unidades curriculares: <\/span><br \/>\n<span style=\"font-family: helvetica, arial, sans-serif; font-size: 18px;\">&#8211; Liderazgo como herramienta transformadora <\/span><br \/>\n<span style=\"font-family: helvetica, arial, sans-serif; font-size: 18px;\">&#8211; Orientaci\u00f3n y atenci\u00f3n al usuario <\/span><br \/>\n<span style=\"font-family: helvetica, arial, sans-serif; font-size: 18px;\">&#8211; Oratoria<\/span><\/p>\n<p style=\"text-align: justify;\"><span style=\"font-family: helvetica, arial, sans-serif; font-size: 18px;\">El Maestro T\u00e9cnico Voluntario Jos\u00e9 Antonio Rivas, facilitador de la unidad curricular Oratoria, expres\u00f3 que \u201cEste grupo demostr\u00f3 que el aprendizaje no tiene l\u00edmites cuando hay voluntad. La formaci\u00f3n en oratoria les permiti\u00f3 descubrir el poder de la palabra como herramienta de liderazgo y servicio p\u00fablico.\u201d<\/span><\/p>\n<p style=\"text-align: justify;\"><span style=\"font-family: helvetica, arial, sans-serif; font-size: 18px;\">Por su parte, la participante Mar\u00eda Fernanda Rodr\u00edguez, trabajadora de INPARQUES, comparti\u00f3 su experiencia.\u201cGracias al Inces aprend\u00ed a comunicarme con m\u00e1s seguridad, a escuchar con empat\u00eda y a liderar desde el respeto. Esta formaci\u00f3n nos fortalece como equipo y como servidores del pueblo.\u201d<\/span><\/p>\n<p style=\"text-align: justify;\"><span style=\"font-family: helvetica, arial, sans-serif; font-size: 18px;\">Con esta jornada, el Inces reafirma su compromiso con la educaci\u00f3n transformadora, celebrando 66 a\u00f1os de historia al servicio del pueblo venezolano, con una visi\u00f3n productiva, inclusiva y liberadora.<\/span><\/p>\n","protected":false},"excerpt":{"rendered":"<p>** La instituci\u00f3n refuerza la articulaci\u00f3n con las entidades de trabajo, promoviendo la formaci\u00f3n continua como v\u00eda para el crecimiento profesional, la eficiencia institucional y el empoderamiento de la clase trabajadora<\/p>\n","protected":false},"author":15,"featured_media":66576,"comment_status":"closed","ping_status":"closed","sticky":false,"template":"","format":"standard","meta":{"footnotes":""},"categories":[2],"tags":[],"class_list":["post-66575","post","type-post","status-publish","format-standard","has-post-thumbnail","hentry","category-blog"],"_links":{"self":[{"href":"https:\/\/inces.gob.ve\/index.php\/wp-json\/wp\/v2\/posts\/66575","targetHints":{"allow":["GET"]}}],"collection":[{"href":"https:\/\/inces.gob.ve\/index.php\/wp-json\/wp\/v2\/posts"}],"about":[{"href":"https:\/\/inces.gob.ve\/index.php\/wp-json\/wp\/v2\/types\/post"}],"author":[{"embeddable":true,"href":"https:\/\/inces.gob.ve\/index.php\/wp-json\/wp\/v2\/users\/15"}],"replies":[{"embeddable":true,"href":"https:\/\/inces.gob.ve\/index.php\/wp-json\/wp\/v2\/comments?post=66575"}],"version-history":[{"count":2,"href":"https:\/\/inces.gob.ve\/index.php\/wp-json\/wp\/v2\/posts\/66575\/revisions"}],"predecessor-version":[{"id":66579,"href":"https:\/\/inces.gob.ve\/index.php\/wp-json\/wp\/v2\/posts\/66575\/revisions\/66579"}],"wp:featuredmedia":[{"embeddable":true,"href":"https:\/\/inces.gob.ve\/index.php\/wp-json\/wp\/v2\/media\/66576"}],"wp:attachment":[{"href":"https:\/\/inces.gob.ve\/index.php\/wp-json\/wp\/v2\/media?parent=66575"}],"wp:term":[{"taxonomy":"category","embeddable":true,"href":"https:\/\/inces.gob.ve\/index.php\/wp-json\/wp\/v2\/categories?post=66575"},{"taxonomy":"post_tag","embeddable":true,"href":"https:\/\/inces.gob.ve\/index.php\/wp-json\/wp\/v2\/tags?post=66575"}],"curies":[{"name":"wp","href":"https:\/\/api.w.org\/{rel}","templated":true}]}}