{"id":66605,"date":"2025-09-03T13:44:03","date_gmt":"2025-09-03T17:44:03","guid":{"rendered":"https:\/\/inces.gob.ve\/?p=66605"},"modified":"2025-09-03T14:19:46","modified_gmt":"2025-09-03T18:19:46","slug":"vicepresidenta-visita-planta-textil-con-presencia-de-jovenes-del-pna","status":"publish","type":"post","link":"https:\/\/inces.gob.ve\/index.php\/2025\/09\/03\/vicepresidenta-visita-planta-textil-con-presencia-de-jovenes-del-pna\/","title":{"rendered":"Vicepresidenta visita planta textil con presencia de j\u00f3venes del PNA"},"content":{"rendered":"<p style=\"text-align: justify;\"><span style=\"font-family: helvetica, arial, sans-serif; font-size: 18px;\"><strong><em>**\u00a0 El presidente del Inces acompa\u00f1\u00f3 a Rodr\u00edguez durante el recorrido y rindi\u00f3 cuentas del trabajo que se hace con la juventud que se forma para su primer empleo<\/em><\/strong><!--more--><\/span><\/p>\n<p style=\"text-align: justify;\"><span style=\"font-family: helvetica, arial, sans-serif; font-size: 18px;\"><strong>DIMAS P\u00c1EZ<\/strong><\/span><\/p>\n<p style=\"text-align: justify;\"><span style=\"font-family: helvetica, arial, sans-serif; font-size: 18px;\">En las\u00a0instalaciones de la empresa Lymtex, ubicada en la parroquia San Juan de Caracas, la vicepresidenta de la Rep\u00fablica Delcy Rodr\u00edguez, acompa\u00f1ada del presidente del Inces, Wuikelman Angel y del ministro del Poder Popular para la Juventud, Sergio Lotartaro, realizaron un recorrido para conocer el trabajo que se realiza en esa planta y los avances de los participantes del Programa Nacional de Aprendizaje (PNA).<\/span><\/p>\n<p>&nbsp;<\/p>\n<p style=\"text-align: justify;\"><img loading=\"lazy\" decoding=\"async\" class=\"aligncenter wp-image-66608 size-full\" src=\"https:\/\/inces.gob.ve\/wp-content\/uploads\/2025\/09\/WhatsApp-Image-2025-09-02-at-9.22.04-PM-1-e1756921005610.jpeg\" alt=\"\" width=\"800\" height=\"407\" \/><\/p>\n<p style=\"text-align: justify;\"><span style=\"font-family: helvetica, arial, sans-serif; font-size: 18px;\">Lymtex, que cuenta con m\u00e1s de 66 a\u00f1os de trayectoria en el pa\u00eds, est\u00e1 vinculada con programas del Estado venezolano, entre los que se incluye el Plan Escolar, fortaleciendo as\u00ed las pol\u00edticas p\u00fablicas que contribuyen al impulso de la industria nacional.<\/span><\/p>\n<p>&nbsp;<\/p>\n<p style=\"text-align: justify;\"><img loading=\"lazy\" decoding=\"async\" class=\"aligncenter wp-image-66607 size-full\" src=\"https:\/\/inces.gob.ve\/wp-content\/uploads\/2025\/09\/WhatsApp-Image-2025-09-02-at-9.22.04-PM-2-e1756921080295.jpeg\" alt=\"\" width=\"800\" height=\"411\" \/><\/p>\n<p style=\"text-align: justify;\"><span style=\"font-family: helvetica, arial, sans-serif; font-size: 18px;\">Al respecto Rodr\u00edguez expres\u00f3: \u201cQuiero resaltar que esta empresa, Lymtex, tiene el Programa Nacional de Aprendizaje, donde j\u00f3venes entre 14 y 18 a\u00f1os vienen a hacer pasant\u00edas. Aprenden primero el oficio, les dan cursos, horas laborales &#8211; acad\u00e9micas y tambi\u00e9n horas de aprendizaje directamente en la f\u00e1brica. Este programa cuenta en todo el pa\u00eds con mas de 15.000 j\u00f3venes y debemos destacar all\u00ed el esfuerzo que se hace por la juventud y el trabajo que se hace por la econom\u00eda venezolana\u201d.<\/span><\/p>\n<p>&nbsp;<\/p>\n<p style=\"text-align: justify;\"><img loading=\"lazy\" decoding=\"async\" class=\"aligncenter wp-image-66606 size-full\" src=\"https:\/\/inces.gob.ve\/wp-content\/uploads\/2025\/09\/WhatsApp-Image-2025-09-02-at-9.22.04-PM-3-e1756921132398.jpeg\" alt=\"\" width=\"800\" height=\"419\" \/><\/p>\n<p style=\"text-align: justify;\"><span style=\"font-family: helvetica, arial, sans-serif; font-size: 18px;\">La vicepresidenta, aprovech\u00f3 la visita a est\u00e9 centro textil, para\u00a0\u201cexhortar\u00a0al sector industrial a darle prioridad a lo\u00a0<strong>Hecho en Venezuela<\/strong>, para satisfacer los bienes y servicios de la poblaci\u00f3n nacional\u00bb.<\/span><\/p>\n<p style=\"text-align: justify;\"><span style=\"font-family: helvetica, arial, sans-serif; font-size: 18px;\">Asimismo refiri\u00f3 que es necesario seguir avanzando para acompa\u00f1ar a la industria y seguir la ruta que permita exportar los productos que se hacen en el pa\u00eds.<\/span><\/p>\n<p style=\"text-align: justify;\"><img loading=\"lazy\" decoding=\"async\" class=\"aligncenter wp-image-66610 size-full\" src=\"https:\/\/inces.gob.ve\/wp-content\/uploads\/2025\/09\/WhatsApp-Image-2025-09-02-at-9.22.03-PM-e1756921270975.jpeg\" alt=\"\" width=\"800\" height=\"402\" \/><\/p>\n<p style=\"text-align: justify;\"><span style=\"font-family: helvetica, arial, sans-serif; font-size: 18px;\">\u201cPese a las agresiones imperiales contra nuestra patria, se ha tenido un crecimiento econ\u00f3mico, porque no han podido detener el proceso de recuperaci\u00f3n durante m\u00e1s de 17 trimestre consecutivos\u201d;\u00a0 a su vez,\u00a0 felicit\u00f3 el esfuerzo que est\u00e1 haciendo la industria venezolana para\u00a0que \u201cpodamos seguir juntos, a trav\u00e9s del di\u00e1logo del Consejo Nacional de Econom\u00eda, elaborando pol\u00edticas conjuntas\u201d.<\/span><\/p>\n<p>&nbsp;<\/p>\n<p><iframe loading=\"lazy\" title=\"Vicepresidenta visita a j\u00f3venes del PNA en visita a empresa textil\" width=\"640\" height=\"360\" src=\"https:\/\/www.youtube.com\/embed\/37pfzXJmBVw?feature=oembed\" frameborder=\"0\" allow=\"accelerometer; autoplay; clipboard-write; encrypted-media; gyroscope; picture-in-picture; web-share\" referrerpolicy=\"strict-origin-when-cross-origin\" allowfullscreen><\/iframe><\/p>\n","protected":false},"excerpt":{"rendered":"<p>**\u00a0 El presidente del Inces acompa\u00f1\u00f3 a Rodr\u00edguez durante el recorrido y rindi\u00f3 cuentas del trabajo que se hace con la juventud que se forma para su primer empleo<\/p>\n","protected":false},"author":15,"featured_media":66609,"comment_status":"closed","ping_status":"closed","sticky":false,"template":"","format":"standard","meta":{"footnotes":""},"categories":[2],"tags":[],"class_list":["post-66605","post","type-post","status-publish","format-standard","has-post-thumbnail","hentry","category-blog"],"_links":{"self":[{"href":"https:\/\/inces.gob.ve\/index.php\/wp-json\/wp\/v2\/posts\/66605","targetHints":{"allow":["GET"]}}],"collection":[{"href":"https:\/\/inces.gob.ve\/index.php\/wp-json\/wp\/v2\/posts"}],"about":[{"href":"https:\/\/inces.gob.ve\/index.php\/wp-json\/wp\/v2\/types\/post"}],"author":[{"embeddable":true,"href":"https:\/\/inces.gob.ve\/index.php\/wp-json\/wp\/v2\/users\/15"}],"replies":[{"embeddable":true,"href":"https:\/\/inces.gob.ve\/index.php\/wp-json\/wp\/v2\/comments?post=66605"}],"version-history":[{"count":5,"href":"https:\/\/inces.gob.ve\/index.php\/wp-json\/wp\/v2\/posts\/66605\/revisions"}],"predecessor-version":[{"id":66615,"href":"https:\/\/inces.gob.ve\/index.php\/wp-json\/wp\/v2\/posts\/66605\/revisions\/66615"}],"wp:featuredmedia":[{"embeddable":true,"href":"https:\/\/inces.gob.ve\/index.php\/wp-json\/wp\/v2\/media\/66609"}],"wp:attachment":[{"href":"https:\/\/inces.gob.ve\/index.php\/wp-json\/wp\/v2\/media?parent=66605"}],"wp:term":[{"taxonomy":"category","embeddable":true,"href":"https:\/\/inces.gob.ve\/index.php\/wp-json\/wp\/v2\/categories?post=66605"},{"taxonomy":"post_tag","embeddable":true,"href":"https:\/\/inces.gob.ve\/index.php\/wp-json\/wp\/v2\/tags?post=66605"}],"curies":[{"name":"wp","href":"https:\/\/api.w.org\/{rel}","templated":true}]}}