{"id":66685,"date":"2025-08-29T10:48:15","date_gmt":"2025-08-29T14:48:15","guid":{"rendered":"https:\/\/inces.gob.ve\/?p=66685"},"modified":"2025-09-05T10:50:42","modified_gmt":"2025-09-05T14:50:42","slug":"falcon-inces-celebra-su-66-aniversario-con-entrega-de-certificados-en-paraguana","status":"publish","type":"post","link":"https:\/\/inces.gob.ve\/index.php\/2025\/08\/29\/falcon-inces-celebra-su-66-aniversario-con-entrega-de-certificados-en-paraguana\/","title":{"rendered":"FALC\u00d3N | Inces celebra su 66 aniversario con entrega de certificados en Paraguan\u00e1"},"content":{"rendered":"<div dir=\"auto\" style=\"text-align: justify;\"><\/div>\n<div dir=\"auto\" style=\"text-align: justify;\"><em><strong><span style=\"font-family: helvetica, arial, sans-serif; font-size: 18px;\">**Dando cumpliendo con lo establecido en\u00a0 las 7 T y las 5 l\u00edneas estrategias de la instituci\u00f3n\u00a0\u00a0<\/span><\/strong><\/em><\/div>\n<p><!--more--><\/p>\n<div dir=\"auto\"><\/div>\n<div dir=\"auto\"><\/div>\n<div dir=\"auto\" style=\"text-align: justify;\"><\/div>\n<div dir=\"auto\" style=\"text-align: justify;\"><strong><span style=\"font-family: helvetica, arial, sans-serif; font-size: 18px;\">MIRIAM GONZ\u00c1LEZ VILLARROEL<\/span><\/strong><\/div>\n<div dir=\"auto\" style=\"text-align: justify;\"><span style=\"font-family: helvetica, arial, sans-serif; font-size: 18px;\">En un acto lleno de emoci\u00f3n y alegr\u00eda, el Instituto Nacional de Capacitaci\u00f3n y Educaci\u00f3n Socialista (Inces) entreg\u00f3 52 certificados a un grupo de trabajadores de la Fundaci\u00f3n Juntos por Falc\u00f3n en la Pen\u00ednsula de Paraguan\u00e1.\u00a0<\/span><\/div>\n<div dir=\"auto\"><\/div>\n<div dir=\"auto\"><\/div>\n<div dir=\"auto\" style=\"text-align: justify;\"><\/div>\n<div dir=\"auto\" style=\"text-align: justify;\"><span style=\"font-family: helvetica, arial, sans-serif; font-size: 18px;\">La actividad, enmarcada en el 66 aniversario de la instituci\u00f3n, forma parte de las estrategias del Inces de formar a los trabajadores directamente en las entidades de trabajo.<\/span><\/div>\n<div dir=\"auto\" style=\"text-align: justify;\"><\/div>\n<div dir=\"auto\"><\/div>\n<div dir=\"auto\"><\/div>\n<div dir=\"auto\" style=\"text-align: justify;\"><span style=\"font-family: helvetica, arial, sans-serif; font-size: 18px;\">La entrega que, se llev\u00f3 a cabo en la sede del centro cultural \u00abGuillermo de Le\u00f3n Calles\u00bb del complejo recreativo ciudad de Punto Fijo, cont\u00f3 con la presencia de: Aleide Caldera del Ministerio del Poder Popular para el Proceso Social del Trabajo (Mpppst); la gerente regional del Inces Falc\u00f3n, Eneyda Mart\u00ednez; el jefe de Formaci\u00f3n y Autoformaci\u00f3n Profesional,\u00a0 Jorge Luis Guzm\u00e1n; la jefe del centro de formaci\u00f3n socialista \u00abAli Primera\u00bb, Elis Colina y el gerente de la Fundaci\u00f3n Juntos por Falc\u00f3n, Richard Ram\u00edrez.<\/span><\/div>\n<div dir=\"auto\" style=\"text-align: justify;\"><\/div>\n<div dir=\"auto\"><img loading=\"lazy\" decoding=\"async\" class=\"aligncenter wp-image-66688 size-full\" src=\"https:\/\/inces.gob.ve\/wp-content\/uploads\/2025\/09\/IMG-20250826-WA0199.jpg\" alt=\"\" width=\"1280\" height=\"960\" srcset=\"https:\/\/inces.gob.ve\/wp-content\/uploads\/2025\/09\/IMG-20250826-WA0199.jpg 1280w, https:\/\/inces.gob.ve\/wp-content\/uploads\/2025\/09\/IMG-20250826-WA0199-300x225.jpg 300w, https:\/\/inces.gob.ve\/wp-content\/uploads\/2025\/09\/IMG-20250826-WA0199-1024x768.jpg 1024w, https:\/\/inces.gob.ve\/wp-content\/uploads\/2025\/09\/IMG-20250826-WA0199-768x576.jpg 768w, https:\/\/inces.gob.ve\/wp-content\/uploads\/2025\/09\/IMG-20250826-WA0199-136x102.jpg 136w\" sizes=\"auto, (max-width: 1280px) 100vw, 1280px\" \/><\/div>\n<div dir=\"auto\"><\/div>\n<div dir=\"auto\" style=\"text-align: justify;\"><span style=\"font-family: helvetica, arial, sans-serif; font-size: 18px;\">En esta ocasi\u00f3n de festividad por los 66 a\u00f1os del Inces, los 26 participantes recibieron\u00a0 certificados que los acreditan en las unidades curriculares: Desarrollo Humano y Liderazgo como Herramienta Transformadora del perfil productivo laboral: Gestor empresarial de Talento Humano\u00a0<\/span><\/div>\n<div dir=\"auto\" style=\"text-align: justify;\"><\/div>\n<div dir=\"auto\"><\/div>\n<div dir=\"auto\"><\/div>\n<div dir=\"auto\" style=\"text-align: justify;\"><span style=\"font-family: helvetica, arial, sans-serif; font-size: 18px;\">Eneyda Mart\u00ednez, gerente regional del Inces, expres\u00f3 su satisfacci\u00f3n por el evento, destacando el valor del grupo de hombres y mujeres que participaron en la formaci\u00f3n.<\/span><\/div>\n<div dir=\"auto\" style=\"text-align: justify;\"><\/div>\n<div dir=\"auto\"><\/div>\n<div dir=\"auto\"><\/div>\n<div dir=\"auto\" style=\"text-align: justify;\"><span style=\"font-family: helvetica, arial, sans-serif; font-size: 18px;\">Por su parte, Richard Ram\u00edrez agradeci\u00f3 al Inces la capacitaci\u00f3n, afirmando que \u00abel personal de Juntos por Falc\u00f3n crece con esta capacitaci\u00f3n desde el punto de vista personal y a su vez tambi\u00e9n, hace que la instituci\u00f3n tambi\u00e9n crezca y se desarrolle\u00bb.<\/span><\/div>\n<div dir=\"auto\" style=\"text-align: justify;\"><\/div>\n<div dir=\"auto\"><\/div>\n<div dir=\"auto\"><\/div>\n<div dir=\"auto\" style=\"text-align: justify;\"><span style=\"font-family: helvetica, arial, sans-serif; font-size: 18px;\">Continuando con las intervenciones, Elis Colina Bracho, jefe del\u00a0 CFS \u00abAl\u00ed Primera\u00bb y responsable del \u00e1mbito Entidades deTrabajo, detall\u00f3, esta entrega de certificados es la primera fase del plan de formaci\u00f3n. Anunci\u00f3 que en una segunda etapa se atender\u00e1 al personal que labora en la sede de Tacuato, municipio Carirubana.<\/span><\/div>\n<div dir=\"auto\" style=\"text-align: justify;\"><\/div>\n<div dir=\"auto\"><\/div>\n<div dir=\"auto\"><\/div>\n<div dir=\"auto\" style=\"text-align: justify;\"><span style=\"font-family: helvetica, arial, sans-serif; font-size: 18px;\">Agradeci\u00f3 la entrega y responsabilidad de los maestros t\u00e9cnicos productivos\u00a0 y voluntarios.<\/span><\/div>\n<div dir=\"auto\" style=\"text-align: justify;\"><\/div>\n<div dir=\"auto\"><\/div>\n<div dir=\"auto\"><\/div>\n<div dir=\"auto\" style=\"text-align: justify;\"><span style=\"font-family: helvetica, arial, sans-serif; font-size: 18px;\"><img loading=\"lazy\" decoding=\"async\" class=\"aligncenter wp-image-66687 size-full\" src=\"https:\/\/inces.gob.ve\/wp-content\/uploads\/2025\/09\/IMG-20250826-WA0206.jpg\" alt=\"\" width=\"1280\" height=\"960\" srcset=\"https:\/\/inces.gob.ve\/wp-content\/uploads\/2025\/09\/IMG-20250826-WA0206.jpg 1280w, https:\/\/inces.gob.ve\/wp-content\/uploads\/2025\/09\/IMG-20250826-WA0206-300x225.jpg 300w, https:\/\/inces.gob.ve\/wp-content\/uploads\/2025\/09\/IMG-20250826-WA0206-1024x768.jpg 1024w, https:\/\/inces.gob.ve\/wp-content\/uploads\/2025\/09\/IMG-20250826-WA0206-768x576.jpg 768w, https:\/\/inces.gob.ve\/wp-content\/uploads\/2025\/09\/IMG-20250826-WA0206-136x102.jpg 136w\" sizes=\"auto, (max-width: 1280px) 100vw, 1280px\" \/>Por su parte, Aleide Caldera, representante del Mpppst, resalt\u00f3 la importancia de los programas de formaci\u00f3n t\u00e9cnica profesional, los cuales responden a una pol\u00edtica fundamental establecida por el presidente Maduro: formar a los trabajadores en sus propios espacios de trabajo.<\/span><\/div>\n<div dir=\"auto\" style=\"text-align: justify;\"><\/div>\n<div dir=\"auto\" style=\"text-align: justify;\"><span style=\"font-family: helvetica, arial, sans-serif; font-size: 18px;\">Igualmente la participante Jennifer Medina tom\u00f3 la palabra en nombre de sus compa\u00f1eros para agradecer al Inces y felicit\u00f3 a la instituci\u00f3n por su aniversario n\u00famero 66. \u00abGracias por su incansable trabajo y por inspirarnos a ser mejores cada d\u00eda, su dedicaci\u00f3n ha dejado huellas en nuestras vidas\u00bb.<\/span><\/div>\n<div dir=\"auto\" style=\"text-align: justify;\"><\/div>\n<div dir=\"auto\" style=\"text-align: justify;\"><span style=\"font-family: helvetica, arial, sans-serif; font-size: 18px;\">El evento culmin\u00f3 con un emotivo concierto a cargo del cantautor falconiano, Al\u00ed Tremont, quien deleit\u00f3 a los presentes con un repertorio de m\u00fasica popular venezolana.<\/span><\/div>\n","protected":false},"excerpt":{"rendered":"<p>**Dando cumpliendo con lo establecido en\u00a0 las 7 T y las 5 l\u00edneas estrategias de la instituci\u00f3n\u00a0\u00a0<\/p>\n","protected":false},"author":4,"featured_media":66686,"comment_status":"closed","ping_status":"closed","sticky":false,"template":"","format":"standard","meta":{"footnotes":""},"categories":[2],"tags":[],"class_list":["post-66685","post","type-post","status-publish","format-standard","has-post-thumbnail","hentry","category-blog"],"_links":{"self":[{"href":"https:\/\/inces.gob.ve\/index.php\/wp-json\/wp\/v2\/posts\/66685","targetHints":{"allow":["GET"]}}],"collection":[{"href":"https:\/\/inces.gob.ve\/index.php\/wp-json\/wp\/v2\/posts"}],"about":[{"href":"https:\/\/inces.gob.ve\/index.php\/wp-json\/wp\/v2\/types\/post"}],"author":[{"embeddable":true,"href":"https:\/\/inces.gob.ve\/index.php\/wp-json\/wp\/v2\/users\/4"}],"replies":[{"embeddable":true,"href":"https:\/\/inces.gob.ve\/index.php\/wp-json\/wp\/v2\/comments?post=66685"}],"version-history":[{"count":1,"href":"https:\/\/inces.gob.ve\/index.php\/wp-json\/wp\/v2\/posts\/66685\/revisions"}],"predecessor-version":[{"id":66689,"href":"https:\/\/inces.gob.ve\/index.php\/wp-json\/wp\/v2\/posts\/66685\/revisions\/66689"}],"wp:featuredmedia":[{"embeddable":true,"href":"https:\/\/inces.gob.ve\/index.php\/wp-json\/wp\/v2\/media\/66686"}],"wp:attachment":[{"href":"https:\/\/inces.gob.ve\/index.php\/wp-json\/wp\/v2\/media?parent=66685"}],"wp:term":[{"taxonomy":"category","embeddable":true,"href":"https:\/\/inces.gob.ve\/index.php\/wp-json\/wp\/v2\/categories?post=66685"},{"taxonomy":"post_tag","embeddable":true,"href":"https:\/\/inces.gob.ve\/index.php\/wp-json\/wp\/v2\/tags?post=66685"}],"curies":[{"name":"wp","href":"https:\/\/api.w.org\/{rel}","templated":true}]}}