{"id":66698,"date":"2025-09-05T14:11:59","date_gmt":"2025-09-05T18:11:59","guid":{"rendered":"https:\/\/inces.gob.ve\/?p=66698"},"modified":"2025-09-05T14:38:48","modified_gmt":"2025-09-05T18:38:48","slug":"cojedes-entes-aliados-impulsan-reforestacion-en-cfs-jose-laurencio-silva","status":"publish","type":"post","link":"https:\/\/inces.gob.ve\/index.php\/2025\/09\/05\/cojedes-entes-aliados-impulsan-reforestacion-en-cfs-jose-laurencio-silva\/","title":{"rendered":"COJEDES | Entes aliados  impulsan reforestaci\u00f3n en CFS Jos\u00e9 Laurencio Silva"},"content":{"rendered":"<p style=\"text-align: justify;\"><span style=\"font-family: helvetica, arial, sans-serif; font-size: 18px;\"><strong><em>** Se busca la recuperaci\u00f3n de \u00e1reas verdes en concordancia con las pr\u00e1cticas agroecol\u00f3gicas sustentables<\/em><\/strong><!--more--><\/span><\/p>\n<p>&nbsp;<\/p>\n<p style=\"text-align: justify;\"><span style=\"font-family: helvetica, arial, sans-serif; font-size: 18px;\">Con el compromiso firme de construir una patria ecosocialista y sustentable, el Instituto Nacional de Capacitaci\u00f3n y Educaci\u00f3n Socialista (Inces), bajo la gerencia de Lusaldo Rodr\u00edguez, dio inicio a la siembra de 4.500 \u00a0plantas en los espacios del Centro de Formaci\u00f3n Socialista Jos\u00e9 Laurencio Silva, en articulaci\u00f3n con el Ministerio del Poder Popular para el Ecosocialismo y sus entes adscritos: Conare, Misi\u00f3n \u00c1rbol, Inparque y Bomberos Forestales.<\/span><\/p>\n<p>&nbsp;<\/p>\n<p><img loading=\"lazy\" decoding=\"async\" class=\"aligncenter wp-image-66699 \" src=\"https:\/\/inces.gob.ve\/wp-content\/uploads\/2025\/09\/IMG_20250828_095933_542-scaled-e1757095682429-890x1024.jpg\" alt=\"\" width=\"526\" height=\"605\" \/><\/p>\n<p style=\"text-align: justify;\"><span style=\"font-family: helvetica, arial, sans-serif; font-size: 18px;\">Durante la jornada fueron sembrados especies frutales y ornamentales, tales como merey, guan\u00e1bana, n\u00edspero, onoto, tamarindo, sam\u00e1n, apamate y flamboy\u00e1n; estas plantas \u00a0seleccionados por su valor ecol\u00f3gico, nutricional y cultural. La actividad estuvo a cargo de brigadistas, comunidad aleda\u00f1as y clase trabajadores quienes sembraron plantas en una primera fase. \u00a0<\/span><\/p>\n<p style=\"text-align: justify;\"><span style=\"font-family: helvetica, arial, sans-serif; font-size: 18px;\">El gerente regional del Inces, Rodr\u00edguez, agradeci\u00f3 la hermanada con el camarada Rafael P\u00e9rez Siso, gerente regional de Conare, por el apoyo en la recuperaci\u00f3n de las \u00e1reas agr\u00edcolas del Cfs Jos\u00e9 Laurencio Silva, ya que\u00a0 son espacios de formaci\u00f3n productiva y de encuentro con la naturaleza.<\/span><\/p>\n<p style=\"text-align: justify;\"><span style=\"font-family: helvetica, arial, sans-serif; font-size: 18px;\">Por su parte, P\u00e9rez indico que su presencia junto al equipo acompa\u00f1ante es para apoyar al Inces, quien es el anfitri\u00f3n en esta jornada nacional de deforestaci\u00f3n dentro del marco la Misi\u00f3n madre tierra. Se van sembrar 10 hect\u00e1reas con m\u00e1s de 4 mil plantas entre forestales y frutales \u201cEs un espacio desbastado por los incendios forestales que vamos a recuperar en conjunto con el Inces, vamos a sembrar alrededor de 15 especies, todo lo que se va hacer es enmarcado en la tarea de plantando por Venezuela\u201d.\u00a0<\/span><\/p>\n<p>&nbsp;<\/p>\n<p style=\"text-align: justify;\"><span style=\"font-family: helvetica, arial, sans-serif; font-size: 18px;\">Finalmente, Rodr\u00edguez, destac\u00f3 la presencia de todo el equipo\u00a0 que integran al Ministerio del poder popular para el Ecosocialismo y\u00a0 al equipo de coordinadores, maestros t\u00e9cnicos productivo y clase trabajadora del Inces por el compromiso de seguir recuperando cada espacio, ha sido una bonita faena con toda la log\u00edstica requerida. \u00a0<\/span><\/p>\n","protected":false},"excerpt":{"rendered":"<p>** Se busca la recuperaci\u00f3n de \u00e1reas verdes en concordancia con las pr\u00e1cticas agroecol\u00f3gicas sustentables<\/p>\n","protected":false},"author":15,"featured_media":66700,"comment_status":"closed","ping_status":"closed","sticky":false,"template":"","format":"standard","meta":{"footnotes":""},"categories":[2],"tags":[],"class_list":["post-66698","post","type-post","status-publish","format-standard","has-post-thumbnail","hentry","category-blog"],"_links":{"self":[{"href":"https:\/\/inces.gob.ve\/index.php\/wp-json\/wp\/v2\/posts\/66698","targetHints":{"allow":["GET"]}}],"collection":[{"href":"https:\/\/inces.gob.ve\/index.php\/wp-json\/wp\/v2\/posts"}],"about":[{"href":"https:\/\/inces.gob.ve\/index.php\/wp-json\/wp\/v2\/types\/post"}],"author":[{"embeddable":true,"href":"https:\/\/inces.gob.ve\/index.php\/wp-json\/wp\/v2\/users\/15"}],"replies":[{"embeddable":true,"href":"https:\/\/inces.gob.ve\/index.php\/wp-json\/wp\/v2\/comments?post=66698"}],"version-history":[{"count":3,"href":"https:\/\/inces.gob.ve\/index.php\/wp-json\/wp\/v2\/posts\/66698\/revisions"}],"predecessor-version":[{"id":66703,"href":"https:\/\/inces.gob.ve\/index.php\/wp-json\/wp\/v2\/posts\/66698\/revisions\/66703"}],"wp:featuredmedia":[{"embeddable":true,"href":"https:\/\/inces.gob.ve\/index.php\/wp-json\/wp\/v2\/media\/66700"}],"wp:attachment":[{"href":"https:\/\/inces.gob.ve\/index.php\/wp-json\/wp\/v2\/media?parent=66698"}],"wp:term":[{"taxonomy":"category","embeddable":true,"href":"https:\/\/inces.gob.ve\/index.php\/wp-json\/wp\/v2\/categories?post=66698"},{"taxonomy":"post_tag","embeddable":true,"href":"https:\/\/inces.gob.ve\/index.php\/wp-json\/wp\/v2\/tags?post=66698"}],"curies":[{"name":"wp","href":"https:\/\/api.w.org\/{rel}","templated":true}]}}