{"id":66706,"date":"2025-09-05T14:23:35","date_gmt":"2025-09-05T18:23:35","guid":{"rendered":"https:\/\/inces.gob.ve\/?p=66706"},"modified":"2025-09-05T14:39:17","modified_gmt":"2025-09-05T18:39:17","slug":"margarita-mural-de-prieto-figueroa-empina-a-los-jovenes-del-pna-en-nueva-esparta-2","status":"publish","type":"post","link":"https:\/\/inces.gob.ve\/index.php\/2025\/09\/05\/margarita-mural-de-prieto-figueroa-empina-a-los-jovenes-del-pna-en-nueva-esparta-2\/","title":{"rendered":"MARGARITA | Mural de Prieto Figueroa \u201cempina\u201d a los j\u00f3venes del PNA en Nueva Esparta"},"content":{"rendered":"<p style=\"font-weight: 400; text-align: justify;\"><strong><em><span style=\"font-family: helvetica, arial, sans-serif; font-size: 18px;\">***<\/span><span style=\"font-family: helvetica, arial, sans-serif; font-size: 18px;\"> La expresi\u00f3n art\u00edstica proyecta una de las bibliograf\u00eda del maestro Luis Beltr\u00e1n Prieto Figueroa, se trata de su libro titulado \u201cJoven emp\u00ednate\u201d, donde historiadores y personas allegadas al maestro Prieto, afirman que est\u00e1 \u201cm\u00e1s vigente que nunca\u201d \u00a0<\/span><\/em><\/strong><span style=\"font-family: helvetica, arial, sans-serif; font-size: 18px;\"><!--more--><\/span><\/p>\n<p style=\"font-weight: 400; text-align: justify;\"><span style=\"font-family: helvetica, arial, sans-serif; font-size: 18px;\"><strong>ERNESTO GONZ\u00c1LEZ R.<\/strong><\/span><\/p>\n<p style=\"font-weight: 400; text-align: justify;\"><span style=\"font-family: helvetica, arial, sans-serif; font-size: 18px;\">Como expresi\u00f3n art\u00edstica que conlleva la transmisi\u00f3n de la biograf\u00eda del\u00a0maestro Luis Beltr\u00e1n Prieto Figueroa,\u00a0fundador del Inces, fue inaugurado un mural en la sede de la Gerencia Regional, donde a su vez funciona el Centro de Formaci\u00f3n Socialista Porlamar, por los participantes del Programa Nacional de Aprendizaje en la regi\u00f3n insular.<\/span><\/p>\n<p>&nbsp;<\/p>\n<p><img loading=\"lazy\" decoding=\"async\" class=\"aligncenter wp-image-66707 \" src=\"https:\/\/inces.gob.ve\/wp-content\/uploads\/2025\/09\/WhatsApp-Image-2025-08-27-at-11.55.43-AM-e1757096452810.jpeg\" alt=\"\" width=\"763\" height=\"508\" srcset=\"https:\/\/inces.gob.ve\/wp-content\/uploads\/2025\/09\/WhatsApp-Image-2025-08-27-at-11.55.43-AM-e1757096452810.jpeg 980w, https:\/\/inces.gob.ve\/wp-content\/uploads\/2025\/09\/WhatsApp-Image-2025-08-27-at-11.55.43-AM-e1757096452810-300x200.jpeg 300w, https:\/\/inces.gob.ve\/wp-content\/uploads\/2025\/09\/WhatsApp-Image-2025-08-27-at-11.55.43-AM-e1757096452810-768x511.jpeg 768w, https:\/\/inces.gob.ve\/wp-content\/uploads\/2025\/09\/WhatsApp-Image-2025-08-27-at-11.55.43-AM-e1757096452810-272x182.jpeg 272w\" sizes=\"auto, (max-width: 763px) 100vw, 763px\" \/><\/p>\n<p style=\"font-weight: 400; text-align: justify;\"><span style=\"font-family: helvetica, arial, sans-serif; font-size: 18px;\">Bajo la \u201ct\u00e9cnica al fresco\u201d, un grupo de aprendices \u00a0de diversas ocupaciones del Centro de Estudios Integrales\u00a0 mostraron su talento en pintura, d\u00e1ndole color, vida y realce a frases c\u00e9lebres del \u201cPedagogo de Am\u00e9rica\u201d, bajo el contexto hist\u00f3rico y social, del insigne margarite\u00f1o, oriundo de la capital del estado Nueva Esparta.<\/span><\/p>\n<p>&nbsp;<\/p>\n<p><img loading=\"lazy\" decoding=\"async\" class=\"aligncenter wp-image-66708 size-full\" src=\"https:\/\/inces.gob.ve\/wp-content\/uploads\/2025\/09\/WhatsApp-Image-2025-08-27-at-11.43.25-AM-e1757096519327.jpeg\" alt=\"\" width=\"800\" height=\"538\" \/><\/p>\n<p>&nbsp;<\/p>\n<p style=\"font-weight: 400; text-align: justify;\"><span style=\"font-family: helvetica, arial, sans-serif; font-size: 18px;\">Laurie Zabala, gerente regional, estuvo presente en la inauguraci\u00f3n de este gran formato, el cual recibe a estudiantes, visitantes y personal del Inces el cual tiene como objetivo transmitir un mensaje educativo y cultural.\u00a0<\/span><\/p>\n","protected":false},"excerpt":{"rendered":"<p>*** La expresi\u00f3n art\u00edstica proyecta una de las bibliograf\u00eda del maestro Luis Beltr\u00e1n Prieto Figueroa, se trata de su libro titulado \u201cJoven emp\u00ednate\u201d, donde historiadores y personas allegadas al maestro Prieto, afirman que est\u00e1 \u201cm\u00e1s vigente que nunca\u201d \u00a0<\/p>\n","protected":false},"author":15,"featured_media":66709,"comment_status":"closed","ping_status":"closed","sticky":false,"template":"","format":"standard","meta":{"footnotes":""},"categories":[2],"tags":[],"class_list":["post-66706","post","type-post","status-publish","format-standard","has-post-thumbnail","hentry","category-blog"],"_links":{"self":[{"href":"https:\/\/inces.gob.ve\/index.php\/wp-json\/wp\/v2\/posts\/66706","targetHints":{"allow":["GET"]}}],"collection":[{"href":"https:\/\/inces.gob.ve\/index.php\/wp-json\/wp\/v2\/posts"}],"about":[{"href":"https:\/\/inces.gob.ve\/index.php\/wp-json\/wp\/v2\/types\/post"}],"author":[{"embeddable":true,"href":"https:\/\/inces.gob.ve\/index.php\/wp-json\/wp\/v2\/users\/15"}],"replies":[{"embeddable":true,"href":"https:\/\/inces.gob.ve\/index.php\/wp-json\/wp\/v2\/comments?post=66706"}],"version-history":[{"count":4,"href":"https:\/\/inces.gob.ve\/index.php\/wp-json\/wp\/v2\/posts\/66706\/revisions"}],"predecessor-version":[{"id":66714,"href":"https:\/\/inces.gob.ve\/index.php\/wp-json\/wp\/v2\/posts\/66706\/revisions\/66714"}],"wp:featuredmedia":[{"embeddable":true,"href":"https:\/\/inces.gob.ve\/index.php\/wp-json\/wp\/v2\/media\/66709"}],"wp:attachment":[{"href":"https:\/\/inces.gob.ve\/index.php\/wp-json\/wp\/v2\/media?parent=66706"}],"wp:term":[{"taxonomy":"category","embeddable":true,"href":"https:\/\/inces.gob.ve\/index.php\/wp-json\/wp\/v2\/categories?post=66706"},{"taxonomy":"post_tag","embeddable":true,"href":"https:\/\/inces.gob.ve\/index.php\/wp-json\/wp\/v2\/tags?post=66706"}],"curies":[{"name":"wp","href":"https:\/\/api.w.org\/{rel}","templated":true}]}}