{"id":66727,"date":"2025-09-05T15:04:42","date_gmt":"2025-09-05T19:04:42","guid":{"rendered":"https:\/\/inces.gob.ve\/?p=66727"},"modified":"2025-09-05T15:40:46","modified_gmt":"2025-09-05T19:40:46","slug":"yaracuy-la-seguridad-es-fundamental-en-todos-los-ambientes-laborales","status":"publish","type":"post","link":"https:\/\/inces.gob.ve\/index.php\/2025\/09\/05\/yaracuy-la-seguridad-es-fundamental-en-todos-los-ambientes-laborales\/","title":{"rendered":"YARACUY | La seguridad es fundamental en todos los ambientes laborales"},"content":{"rendered":"<p style=\"font-weight: 400; text-align: justify;\"><span style=\"font-family: helvetica, arial, sans-serif; font-size: 18px;\"><em>*<strong>** La intenci\u00f3n es formar t\u00e9cnicos y profesionales que trabajen bajo las normas de higiene y seguridad laboral, indispensable en el desarrollo de las funciones<\/strong><\/em><!--more--><\/span><\/p>\n<p>&nbsp;<\/p>\n<p>&nbsp;<\/p>\n<p style=\"font-weight: 400; text-align: justify;\"><span style=\"font-family: helvetica, arial, sans-serif; font-size: 18px;\"><strong>YOLAICE VARGAS<\/strong><\/span><\/p>\n<p style=\"font-weight: 400; text-align: justify;\"><span style=\"font-family: helvetica, arial, sans-serif; font-size: 18px;\">La seguridad es fundamental en todos los ambientes laborales, es por eso que en el Instituto Nacional de Capacitaci\u00f3n y Educaci\u00f3n Socialista (Inces), dentro de sus perfiles productivos cuenta con la unidad curricular Higiene y Seguridad Laboral.<\/span><\/p>\n<p>&nbsp;<\/p>\n<p>&nbsp;<\/p>\n<p style=\"font-weight: 400; text-align: justify;\"><span style=\"font-family: helvetica, arial, sans-serif; font-size: 18px;\">Los participantes que se capacitan en las diferentes \u00e1reas del motor industrial en el centro de formaci\u00f3n socialista en: Electricidad Automotriz y Soldadura B\u00e1sica, reciben de la mano de la maestra t\u00e9cnico voluntaria Dulce Salcedo, la capacitaci\u00f3n en Higiene y Seguridad Laboral.<\/span><\/p>\n<p><img loading=\"lazy\" decoding=\"async\" class=\"aligncenter wp-image-66728 size-full\" src=\"https:\/\/inces.gob.ve\/wp-content\/uploads\/2025\/09\/543648011_18095944054725909_7777685338987572949_n-e1757098990460.jpg\" alt=\"\" width=\"800\" height=\"600\" \/><\/p>\n<p style=\"font-weight: 400; text-align: justify;\"><span style=\"font-family: helvetica, arial, sans-serif; font-size: 18px;\">Salcedo imparte contenidos de la unidad aplicando estrategias y herramientas propias para que los participantes alcancen el m\u00e1ximo nivel de aprendizaje, a fin de que conozcan la importancia de la seguridad en cada uno de los trabajos a realizar.<\/span><\/p>\n<p style=\"font-weight: 400; text-align: justify;\"><span style=\"font-family: helvetica, arial, sans-serif; font-size: 18px;\">Explic\u00f3 que con el conocimiento adquirido, se pueden evitar accidentes y situaciones de riesgo al momento de realizar alguna actividad que implique la manipulaci\u00f3n de objetos o implementos que representen peligro.<\/span><\/p>\n<p>&nbsp;<\/p>\n<p><img loading=\"lazy\" decoding=\"async\" class=\"aligncenter wp-image-66730 size-full\" src=\"https:\/\/inces.gob.ve\/wp-content\/uploads\/2025\/09\/540762338_18095944018725909_360265383199549268_n-e1757099011523.jpg\" alt=\"\" width=\"800\" height=\"600\" \/><\/p>\n<p style=\"font-weight: 400; text-align: justify;\"><span style=\"font-family: helvetica, arial, sans-serif; font-size: 18px;\">Cabe destacar que la maestra detall\u00f3 la importancia del uso correcto de equipos de protecci\u00f3n personal hasta la prevenci\u00f3n de riesgos en el taller, en el caso de los participantes la meta es que cada uno trabaje con confianza y responsabilidad.<\/span><\/p>\n","protected":false},"excerpt":{"rendered":"<p>*** La intenci\u00f3n es formar t\u00e9cnicos y profesionales que trabajen bajo las normas de higiene y seguridad laboral, indispensable en el desarrollo de las funciones<\/p>\n","protected":false},"author":15,"featured_media":66729,"comment_status":"closed","ping_status":"closed","sticky":false,"template":"","format":"standard","meta":{"footnotes":""},"categories":[2],"tags":[],"class_list":["post-66727","post","type-post","status-publish","format-standard","has-post-thumbnail","hentry","category-blog"],"_links":{"self":[{"href":"https:\/\/inces.gob.ve\/index.php\/wp-json\/wp\/v2\/posts\/66727","targetHints":{"allow":["GET"]}}],"collection":[{"href":"https:\/\/inces.gob.ve\/index.php\/wp-json\/wp\/v2\/posts"}],"about":[{"href":"https:\/\/inces.gob.ve\/index.php\/wp-json\/wp\/v2\/types\/post"}],"author":[{"embeddable":true,"href":"https:\/\/inces.gob.ve\/index.php\/wp-json\/wp\/v2\/users\/15"}],"replies":[{"embeddable":true,"href":"https:\/\/inces.gob.ve\/index.php\/wp-json\/wp\/v2\/comments?post=66727"}],"version-history":[{"count":1,"href":"https:\/\/inces.gob.ve\/index.php\/wp-json\/wp\/v2\/posts\/66727\/revisions"}],"predecessor-version":[{"id":66732,"href":"https:\/\/inces.gob.ve\/index.php\/wp-json\/wp\/v2\/posts\/66727\/revisions\/66732"}],"wp:featuredmedia":[{"embeddable":true,"href":"https:\/\/inces.gob.ve\/index.php\/wp-json\/wp\/v2\/media\/66729"}],"wp:attachment":[{"href":"https:\/\/inces.gob.ve\/index.php\/wp-json\/wp\/v2\/media?parent=66727"}],"wp:term":[{"taxonomy":"category","embeddable":true,"href":"https:\/\/inces.gob.ve\/index.php\/wp-json\/wp\/v2\/categories?post=66727"},{"taxonomy":"post_tag","embeddable":true,"href":"https:\/\/inces.gob.ve\/index.php\/wp-json\/wp\/v2\/tags?post=66727"}],"curies":[{"name":"wp","href":"https:\/\/api.w.org\/{rel}","templated":true}]}}