{"id":66735,"date":"2025-09-05T15:49:42","date_gmt":"2025-09-05T19:49:42","guid":{"rendered":"https:\/\/inces.gob.ve\/?p=66735"},"modified":"2025-09-05T15:57:21","modified_gmt":"2025-09-05T19:57:21","slug":"falcon-inces-se-corono-campeon-de-la-copa-66-aniversario","status":"publish","type":"post","link":"https:\/\/inces.gob.ve\/index.php\/2025\/09\/05\/falcon-inces-se-corono-campeon-de-la-copa-66-aniversario\/","title":{"rendered":"FALC\u00d3N | Inces se coron\u00f3 campe\u00f3n de la Copa 66 Aniversario"},"content":{"rendered":"<div style=\"text-align: justify;\"><em><strong><span style=\"font-family: helvetica, arial, sans-serif; font-size: 18px;\">**Las premiaciones se realizaron en la sede de la gerencia regional de la instituci\u00f3n<\/span><\/strong><\/em><\/div>\n<p style=\"text-align: justify;\"><span style=\"font-family: helvetica, arial, sans-serif; font-size: 18px;\"><!--more--><\/span><\/p>\n<p style=\"text-align: justify;\" align=\"justify\"><span style=\"font-family: helvetica, arial, sans-serif; font-size: 18px;\"><b>MIRIAM GONZ\u00c1LEZ VILLARROEL<\/b><\/span><\/p>\n<p style=\"text-align: justify;\" align=\"justify\"><span style=\"font-family: helvetica, arial, sans-serif; font-size: 18px;\">El Instituto Nacional de Capacitaci\u00f3n y Educaci\u00f3n Socialista (Inces) se alz\u00f3 con la Copa 66 Aniversario, en un evento deportivo que busc\u00f3 fortalecer los lazos interinstitucionales en el estado Falc\u00f3n. La competencia, que reuni\u00f3 a cinco destacadas instituciones, culmin\u00f3 con una emotiva ceremonia de premiaci\u00f3n que reconoci\u00f3 el esfuerzo y el esp\u00edritu deportivo de los participantes.<\/span><\/p>\n<p align=\"justify\"><img loading=\"lazy\" decoding=\"async\" class=\"aligncenter wp-image-66737 size-full\" src=\"https:\/\/inces.gob.ve\/wp-content\/uploads\/2025\/09\/COPA-66-ANIVERSARIO-6.jpg\" alt=\"\" width=\"800\" height=\"600\" srcset=\"https:\/\/inces.gob.ve\/wp-content\/uploads\/2025\/09\/COPA-66-ANIVERSARIO-6.jpg 800w, https:\/\/inces.gob.ve\/wp-content\/uploads\/2025\/09\/COPA-66-ANIVERSARIO-6-300x225.jpg 300w, https:\/\/inces.gob.ve\/wp-content\/uploads\/2025\/09\/COPA-66-ANIVERSARIO-6-768x576.jpg 768w, https:\/\/inces.gob.ve\/wp-content\/uploads\/2025\/09\/COPA-66-ANIVERSARIO-6-136x102.jpg 136w\" sizes=\"auto, (max-width: 800px) 100vw, 800px\" \/><\/p>\n<p style=\"text-align: justify;\" align=\"justify\"><span style=\"font-family: helvetica, arial, sans-serif; font-size: 18px;\">Los equipos del Inces, la Superintendencia Nacional de Cooperativas (Sunacoop), el Ministerio del Poder Popular para el Trabajo (Mpppt), la Hidrol\u00f3gica Falconiana (Hidrofalc\u00f3n) y la Gobernaci\u00f3n de Falc\u00f3n midieron sus habilidades en diversas disciplinas. Los atletas compitieron con gran entusiasmo en: F\u00fatbol Sala, Ajedrez, B\u00e1squet 3&#215;3, Domin\u00f3 y Juegos Tradicionales, prometiendo un espect\u00e1culo de alta calidad.<\/span><\/p>\n<p style=\"text-align: justify;\" align=\"justify\"><span style=\"font-family: helvetica, arial, sans-serif; font-size: 18px;\">Despu\u00e9s de intensas jornadas, el equipo de Inces demostr\u00f3 su superioridad y se consagr\u00f3 como campe\u00f3n del torneo. El segundo lugar fue para el Ministerio del Poder Popular para el Trabajo, mientras que el podio lo complet\u00f3 Hidrofalc\u00f3n, que se ubic\u00f3 en el tercer puesto.<\/span><\/p>\n<p style=\"text-align: justify;\" align=\"justify\"><img loading=\"lazy\" decoding=\"async\" class=\"aligncenter wp-image-66738 size-full\" src=\"https:\/\/inces.gob.ve\/wp-content\/uploads\/2025\/09\/COPA-66-ANIVERSARIO-4.jpg\" alt=\"\" width=\"800\" height=\"600\" srcset=\"https:\/\/inces.gob.ve\/wp-content\/uploads\/2025\/09\/COPA-66-ANIVERSARIO-4.jpg 800w, https:\/\/inces.gob.ve\/wp-content\/uploads\/2025\/09\/COPA-66-ANIVERSARIO-4-300x225.jpg 300w, https:\/\/inces.gob.ve\/wp-content\/uploads\/2025\/09\/COPA-66-ANIVERSARIO-4-768x576.jpg 768w, https:\/\/inces.gob.ve\/wp-content\/uploads\/2025\/09\/COPA-66-ANIVERSARIO-4-136x102.jpg 136w\" sizes=\"auto, (max-width: 800px) 100vw, 800px\" \/><\/p>\n<p style=\"text-align: justify;\" align=\"justify\"><span style=\"font-family: helvetica, arial, sans-serif; font-size: 18px;\">En este contexto, el Inces se alz\u00f3 en las categor\u00edas de F\u00fatbolsala con la destacada participaci\u00f3n de los aprendices del Programa Nacional de Aprendizaje (PNA); domin\u00f3 masculino, Kikimbol Mixto y en bolas criollas femenino. De Igual forma los equipos del Mpppt obtuvieron las victorias en B\u00e1squet 3&#215;3, ajedrez masculino y domin\u00f3 femenino y el equipo de Hidrofalc\u00f3n obtuvo la victoria en bolas criollas masculino.<\/span><\/p>\n<p style=\"text-align: justify;\" align=\"justify\"><span style=\"font-family: helvetica, arial, sans-serif; font-size: 18px;\">En los Juegos Tradicionales, Guadnellys \u00c1lvarez brill\u00f3 con su destreza y se llev\u00f3 el primer lugar en la competencia de perinola.<\/span><\/p>\n<p style=\"text-align: justify;\" align=\"justify\"><img loading=\"lazy\" decoding=\"async\" class=\"aligncenter wp-image-66739 size-full\" src=\"https:\/\/inces.gob.ve\/wp-content\/uploads\/2025\/09\/COPA-66-ANIVERSARIO-2.jpg\" alt=\"\" width=\"800\" height=\"600\" srcset=\"https:\/\/inces.gob.ve\/wp-content\/uploads\/2025\/09\/COPA-66-ANIVERSARIO-2.jpg 800w, https:\/\/inces.gob.ve\/wp-content\/uploads\/2025\/09\/COPA-66-ANIVERSARIO-2-300x225.jpg 300w, https:\/\/inces.gob.ve\/wp-content\/uploads\/2025\/09\/COPA-66-ANIVERSARIO-2-768x576.jpg 768w, https:\/\/inces.gob.ve\/wp-content\/uploads\/2025\/09\/COPA-66-ANIVERSARIO-2-136x102.jpg 136w\" sizes=\"auto, (max-width: 800px) 100vw, 800px\" \/><\/p>\n<p style=\"text-align: justify;\" align=\"justify\"><span style=\"font-family: helvetica, arial, sans-serif; font-size: 18px;\">El acto de premiaci\u00f3n, realizado en un ambiente de celebraci\u00f3n, cont\u00f3 con la presencia de Karina Guti\u00e9rrez, directora del Mpppt; Eneyda Mart\u00ednez Rodr\u00edguez, gerente regional del Inces y Jorge Luis Guzm\u00e1n, jefe de la divisi\u00f3n de Formaci\u00f3n y Autoformaci\u00f3n Profesional, quienes entregaron los trofeos y medallas a los campeones.<\/span><\/p>\n<p style=\"text-align: justify;\" align=\"justify\"><span style=\"font-family: helvetica, arial, sans-serif; font-size: 18px;\">La Copa 66 Aniversario Inces celebr\u00f3 la excelencia deportiva y reforz\u00f3 la camarader\u00eda y el trabajo en equipo entre las instituciones participantes.<\/span><\/p>\n<p style=\"text-align: justify;\" align=\"justify\">\n","protected":false},"excerpt":{"rendered":"<p>**Las premiaciones se realizaron en la sede de la gerencia regional de la instituci\u00f3n<\/p>\n","protected":false},"author":15,"featured_media":66736,"comment_status":"closed","ping_status":"closed","sticky":false,"template":"","format":"standard","meta":{"footnotes":""},"categories":[2],"tags":[],"class_list":["post-66735","post","type-post","status-publish","format-standard","has-post-thumbnail","hentry","category-blog"],"_links":{"self":[{"href":"https:\/\/inces.gob.ve\/index.php\/wp-json\/wp\/v2\/posts\/66735","targetHints":{"allow":["GET"]}}],"collection":[{"href":"https:\/\/inces.gob.ve\/index.php\/wp-json\/wp\/v2\/posts"}],"about":[{"href":"https:\/\/inces.gob.ve\/index.php\/wp-json\/wp\/v2\/types\/post"}],"author":[{"embeddable":true,"href":"https:\/\/inces.gob.ve\/index.php\/wp-json\/wp\/v2\/users\/15"}],"replies":[{"embeddable":true,"href":"https:\/\/inces.gob.ve\/index.php\/wp-json\/wp\/v2\/comments?post=66735"}],"version-history":[{"count":3,"href":"https:\/\/inces.gob.ve\/index.php\/wp-json\/wp\/v2\/posts\/66735\/revisions"}],"predecessor-version":[{"id":66742,"href":"https:\/\/inces.gob.ve\/index.php\/wp-json\/wp\/v2\/posts\/66735\/revisions\/66742"}],"wp:featuredmedia":[{"embeddable":true,"href":"https:\/\/inces.gob.ve\/index.php\/wp-json\/wp\/v2\/media\/66736"}],"wp:attachment":[{"href":"https:\/\/inces.gob.ve\/index.php\/wp-json\/wp\/v2\/media?parent=66735"}],"wp:term":[{"taxonomy":"category","embeddable":true,"href":"https:\/\/inces.gob.ve\/index.php\/wp-json\/wp\/v2\/categories?post=66735"},{"taxonomy":"post_tag","embeddable":true,"href":"https:\/\/inces.gob.ve\/index.php\/wp-json\/wp\/v2\/tags?post=66735"}],"curies":[{"name":"wp","href":"https:\/\/api.w.org\/{rel}","templated":true}]}}