{"id":66775,"date":"2025-09-09T14:31:18","date_gmt":"2025-09-09T18:31:18","guid":{"rendered":"https:\/\/inces.gob.ve\/?p=66775"},"modified":"2025-09-11T09:58:05","modified_gmt":"2025-09-11T13:58:05","slug":"guarico-formacion-que-comunica-juventud-que-transforma-inces-fortalece-el-perfil-audiovisual-de-estudiantes-universitarios","status":"publish","type":"post","link":"https:\/\/inces.gob.ve\/index.php\/2025\/09\/09\/guarico-formacion-que-comunica-juventud-que-transforma-inces-fortalece-el-perfil-audiovisual-de-estudiantes-universitarios\/","title":{"rendered":"GU\u00c1RICO | Formaci\u00f3n que comunica, juventud que transforma: Inces fortalece el perfil audiovisual de estudiantes universitarios"},"content":{"rendered":"<p style=\"text-align: justify;\"><em><strong><span style=\"font-family: helvetica, arial, sans-serif; font-size: 18px;\">*** Celebramos el 17 aniversario de la Juventud Socialista brindando herramientas t\u00e9cnicas que potencian la capacidad narrativa, creativa y transformadora de la juventud<\/span><\/strong><\/em><!--more--><\/p>\n<p>&nbsp;<\/p>\n<p style=\"text-align: justify;\"><span style=\"font-family: helvetica, arial, sans-serif; font-size: 18px;\">MAR\u00cdA SANTIAGO<\/span><br \/>\n<span style=\"font-family: helvetica, arial, sans-serif; font-size: 18px;\">A prop\u00f3sito de celebrarse el 17 aniversario de la Juventud Socialista en Venezuela, la Escuela de Medios y Comunicaciones del Inces (EMCI) en Gu\u00e1rico desarroll\u00f3 una jornada formativa en edici\u00f3n audiovisual, dirigida a estudiantes de Comunicaci\u00f3n Social de la Universidad Nacional Experimental R\u00f3mulo Gallegos (Unerg), con el prop\u00f3sito de brindar herramientas t\u00e9cnicas que potencien la capacidad narrativa, creativa y transformadora de la juventud.<\/span><\/p>\n<p style=\"text-align: justify;\"><span style=\"font-family: helvetica, arial, sans-serif; font-size: 18px;\">La actividad, realizada en los espacios de la universidad, fue orientada por el maestro t\u00e9cnico voluntario (MTV) Dionner Zerpa, quien comparti\u00f3 con los participantes conocimientos pr\u00e1cticos sobre edici\u00f3n de video, estructura narrativa audiovisual y producci\u00f3n de contenido para redes sociales.<\/span><\/p>\n<p style=\"text-align: justify;\"><span style=\"font-family: helvetica, arial, sans-serif; font-size: 18px;\">\u00abLa comunicaci\u00f3n es una herramienta de construcci\u00f3n y de identidad. Formar a los j\u00f3venes es darles voz para que narren sus realidades de su territorio. Esta jornada fue una experiencia de intercambio, donde aprendimos todos\u00bb, expres\u00f3 Zerpa, quien adem\u00e1s destac\u00f3 el compromiso del Inces con la formaci\u00f3n integral de la juventud.<\/span><\/p>\n<p style=\"text-align: justify;\"><span style=\"font-family: helvetica, arial, sans-serif; font-size: 18px;\">Durante la jornada, los estudiantes desarrollaron ejercicios pr\u00e1cticos de edici\u00f3n, exploraron el uso de recursos visuales para contar historias locales y reflexionaron sobre el rol del comunicador en los procesos de transformaci\u00f3n social.<\/span><\/p>\n<p style=\"text-align: justify;\"><span style=\"font-family: helvetica, arial, sans-serif; font-size: 18px;\">\u00abAprend\u00ed que editar no es solo cortar y pegar im\u00e1genes, sino construir un mensaje que conecte con la gente. Esta formaci\u00f3n me dio herramientas para contar lo que vivimos y me motiv\u00f3 a seguir creando con prop\u00f3sito\u00bb, coment\u00f3 Luisana P\u00e9rez, estudiante de Comunicaci\u00f3n Social y participante de la jornada.<\/span><\/p>\n","protected":false},"excerpt":{"rendered":"<p>*** Celebramos el 17 aniversario de la Juventud Socialista brindando herramientas t\u00e9cnicas que potencian la capacidad narrativa, creativa y transformadora de la juventud<\/p>\n","protected":false},"author":15,"featured_media":66794,"comment_status":"closed","ping_status":"closed","sticky":false,"template":"","format":"standard","meta":{"footnotes":""},"categories":[2],"tags":[],"class_list":["post-66775","post","type-post","status-publish","format-standard","has-post-thumbnail","hentry","category-blog"],"_links":{"self":[{"href":"https:\/\/inces.gob.ve\/index.php\/wp-json\/wp\/v2\/posts\/66775","targetHints":{"allow":["GET"]}}],"collection":[{"href":"https:\/\/inces.gob.ve\/index.php\/wp-json\/wp\/v2\/posts"}],"about":[{"href":"https:\/\/inces.gob.ve\/index.php\/wp-json\/wp\/v2\/types\/post"}],"author":[{"embeddable":true,"href":"https:\/\/inces.gob.ve\/index.php\/wp-json\/wp\/v2\/users\/15"}],"replies":[{"embeddable":true,"href":"https:\/\/inces.gob.ve\/index.php\/wp-json\/wp\/v2\/comments?post=66775"}],"version-history":[{"count":1,"href":"https:\/\/inces.gob.ve\/index.php\/wp-json\/wp\/v2\/posts\/66775\/revisions"}],"predecessor-version":[{"id":66777,"href":"https:\/\/inces.gob.ve\/index.php\/wp-json\/wp\/v2\/posts\/66775\/revisions\/66777"}],"wp:featuredmedia":[{"embeddable":true,"href":"https:\/\/inces.gob.ve\/index.php\/wp-json\/wp\/v2\/media\/66794"}],"wp:attachment":[{"href":"https:\/\/inces.gob.ve\/index.php\/wp-json\/wp\/v2\/media?parent=66775"}],"wp:term":[{"taxonomy":"category","embeddable":true,"href":"https:\/\/inces.gob.ve\/index.php\/wp-json\/wp\/v2\/categories?post=66775"},{"taxonomy":"post_tag","embeddable":true,"href":"https:\/\/inces.gob.ve\/index.php\/wp-json\/wp\/v2\/tags?post=66775"}],"curies":[{"name":"wp","href":"https:\/\/api.w.org\/{rel}","templated":true}]}}