{"id":66786,"date":"2025-09-09T15:14:39","date_gmt":"2025-09-09T19:14:39","guid":{"rendered":"https:\/\/inces.gob.ve\/?p=66786"},"modified":"2025-09-09T16:23:15","modified_gmt":"2025-09-09T20:23:15","slug":"merida-inces-avanza-con-la-tecnica-en-el-manejo-agroecologico-de-suelos","status":"publish","type":"post","link":"https:\/\/inces.gob.ve\/index.php\/2025\/09\/09\/merida-inces-avanza-con-la-tecnica-en-el-manejo-agroecologico-de-suelos\/","title":{"rendered":"M\u00c9RIDA | Inces avanza con la t\u00e9cnica en el manejo agroecol\u00f3gico de suelos"},"content":{"rendered":"<p style=\"font-weight: 400;\"><span style=\"font-family: helvetica, arial, sans-serif; font-size: 18px;\"><strong><em><i>**<\/i><\/em><em><i>\u00a0El grupo de participantes\u00a0<\/i><\/em><em><i>est\u00e1<\/i><\/em><em><i>\u00a0conforma<\/i><\/em><em><i>do por<\/i><\/em><em><i>\u00a0trabajadores agr\u00edcolas, funcionarios de la alcald\u00eda, estudiantes y productores de las comunas de la \u00a0poblaci\u00f3n de Tabay<\/i><\/em><\/strong><!--more--><\/span><\/p>\n<p style=\"font-weight: 400;\"><span style=\"font-family: helvetica, arial, sans-serif; font-size: 18px;\"><strong>NADIA LOBO<\/strong><\/span><\/p>\n<p style=\"font-weight: 400;\"><span style=\"font-family: helvetica, arial, sans-serif; font-size: 18px;\">El Inces a trav\u00e9s del Centro de Formaci\u00f3n Socialista (CFS) Bicentenario, avanza en la formaci\u00f3n del Perfil Productivo Laboral: Productor Agr\u00edcola,\u00a0que se desarrolla en la poblaci\u00f3n de Tabay, jurisdicci\u00f3n del municipio Santos Marquina del estado M\u00e9rida.<\/span><\/p>\n<p>&nbsp;<\/p>\n<p><img loading=\"lazy\" decoding=\"async\" class=\"aligncenter wp-image-66788 \" src=\"https:\/\/inces.gob.ve\/wp-content\/uploads\/2025\/09\/SUELOS-2-e1757445161310.jpg\" alt=\"\" width=\"577\" height=\"574\" srcset=\"https:\/\/inces.gob.ve\/wp-content\/uploads\/2025\/09\/SUELOS-2-e1757445161310.jpg 767w, https:\/\/inces.gob.ve\/wp-content\/uploads\/2025\/09\/SUELOS-2-e1757445161310-300x298.jpg 300w, https:\/\/inces.gob.ve\/wp-content\/uploads\/2025\/09\/SUELOS-2-e1757445161310-150x150.jpg 150w\" sizes=\"auto, (max-width: 577px) 100vw, 577px\" \/><\/p>\n<p style=\"font-weight: 400;\"><span style=\"font-family: helvetica, arial, sans-serif; font-size: 18px;\">La formaci\u00f3n\u00a0se desarrolla\u00a0con la unidad curricular, Manejo\u00a0Agroecol\u00f3gico\u00a0de Suelos, bajo el acompa\u00f1amiento del maestro t\u00e9cnico productivo (MTP), Ricardo Ceballos, con la participaci\u00f3n de un nutrido y variado grupo de estudiantes integrantes del Circuito Comunal de Tabay, quienes ya cursaron Proceso Social del Trabajo.<\/span><\/p>\n<p style=\"font-weight: 400;\"><span style=\"font-family: helvetica, arial, sans-serif; font-size: 18px;\">\u201cLa importancia de cuidar los suelos, es primordial para la producci\u00f3n, donde se utilizan biocontroladores naturales, y evitar el uso de pesticidas, agrot\u00f3xicos o qu\u00edmicos que afectan no solo el suelo, sino la cosecha de los rubros sembrados\u201d, se\u00f1al\u00f3 el MTP Ceballos.<\/span><\/p>\n<p>&nbsp;<\/p>\n<p style=\"font-weight: 400;\"><img loading=\"lazy\" decoding=\"async\" class=\"aligncenter wp-image-66789 \" src=\"https:\/\/inces.gob.ve\/wp-content\/uploads\/2025\/09\/SUELOS-1-e1757445200313.jpg\" alt=\"\" width=\"568\" height=\"690\" srcset=\"https:\/\/inces.gob.ve\/wp-content\/uploads\/2025\/09\/SUELOS-1-e1757445200313.jpg 720w, https:\/\/inces.gob.ve\/wp-content\/uploads\/2025\/09\/SUELOS-1-e1757445200313-247x300.jpg 247w\" sizes=\"auto, (max-width: 568px) 100vw, 568px\" \/><\/p>\n<p style=\"font-weight: 400;\"><span style=\"font-family: helvetica, arial, sans-serif; font-size: 18px;\">En este sentido, el\u00a0grupo de participantes\u00a0 lo conforman trabajadores agr\u00edcolas, funcionarios de la alcald\u00eda, estudiantes, miembros de la Escuela de Agroecol\u00f3gica Campesina de la Mucuy Baja (ECAM)\u00a0y productores de las diferentes comunidades tanto del casco central, como de las aldeas cercanas del municipio Santos Marquina, quienes culminaron la formaci\u00f3n con la unidad curricular, Producci\u00f3n de Insumos Agroecol\u00f3gicos.<\/span><\/p>\n","protected":false},"excerpt":{"rendered":"<p>**\u00a0El grupo de participantes\u00a0est\u00e1\u00a0conformado por\u00a0trabajadores agr\u00edcolas, funcionarios de la alcald\u00eda, estudiantes y productores de las comunas de la \u00a0poblaci\u00f3n de Tabay<\/p>\n","protected":false},"author":15,"featured_media":66787,"comment_status":"closed","ping_status":"closed","sticky":false,"template":"","format":"standard","meta":{"footnotes":""},"categories":[2],"tags":[],"class_list":["post-66786","post","type-post","status-publish","format-standard","has-post-thumbnail","hentry","category-blog"],"_links":{"self":[{"href":"https:\/\/inces.gob.ve\/index.php\/wp-json\/wp\/v2\/posts\/66786","targetHints":{"allow":["GET"]}}],"collection":[{"href":"https:\/\/inces.gob.ve\/index.php\/wp-json\/wp\/v2\/posts"}],"about":[{"href":"https:\/\/inces.gob.ve\/index.php\/wp-json\/wp\/v2\/types\/post"}],"author":[{"embeddable":true,"href":"https:\/\/inces.gob.ve\/index.php\/wp-json\/wp\/v2\/users\/15"}],"replies":[{"embeddable":true,"href":"https:\/\/inces.gob.ve\/index.php\/wp-json\/wp\/v2\/comments?post=66786"}],"version-history":[{"count":3,"href":"https:\/\/inces.gob.ve\/index.php\/wp-json\/wp\/v2\/posts\/66786\/revisions"}],"predecessor-version":[{"id":66792,"href":"https:\/\/inces.gob.ve\/index.php\/wp-json\/wp\/v2\/posts\/66786\/revisions\/66792"}],"wp:featuredmedia":[{"embeddable":true,"href":"https:\/\/inces.gob.ve\/index.php\/wp-json\/wp\/v2\/media\/66787"}],"wp:attachment":[{"href":"https:\/\/inces.gob.ve\/index.php\/wp-json\/wp\/v2\/media?parent=66786"}],"wp:term":[{"taxonomy":"category","embeddable":true,"href":"https:\/\/inces.gob.ve\/index.php\/wp-json\/wp\/v2\/categories?post=66786"},{"taxonomy":"post_tag","embeddable":true,"href":"https:\/\/inces.gob.ve\/index.php\/wp-json\/wp\/v2\/tags?post=66786"}],"curies":[{"name":"wp","href":"https:\/\/api.w.org\/{rel}","templated":true}]}}