{"id":66874,"date":"2025-09-15T12:15:00","date_gmt":"2025-09-15T16:15:00","guid":{"rendered":"https:\/\/inces.gob.ve\/?p=66874"},"modified":"2025-11-16T12:08:47","modified_gmt":"2025-11-16T16:08:47","slug":"yaracuy-entre-tecnologia-juegos-y-dia-de-piscina-se-cumplio-el-plan-vacacional-inces-2025","status":"publish","type":"post","link":"https:\/\/inces.gob.ve\/index.php\/2025\/09\/15\/yaracuy-entre-tecnologia-juegos-y-dia-de-piscina-se-cumplio-el-plan-vacacional-inces-2025\/","title":{"rendered":"YARACUY | Entre tecnolog\u00eda, juegos y d\u00eda de piscina se cumpli\u00f3 el plan vacacional Inces 2025"},"content":{"rendered":"<p style=\"text-align: justify;\"><em><strong>*<span style=\"font-family: helvetica, arial, sans-serif; font-size: 18px;\">**Ni\u00f1os, Ni\u00f1as y adolescentes disfrutaron una semana de mucha diversi\u00f3n<\/span><\/strong><\/em><span style=\"font-family: helvetica, arial, sans-serif; font-size: 18px;\"><!--more--><\/span><\/p>\n<p style=\"text-align: justify;\"><span style=\"font-family: helvetica, arial, sans-serif; font-size: 18px;\">Yolaice Vargas<\/span><\/p>\n<p style=\"text-align: justify;\"><span style=\"font-family: helvetica, arial, sans-serif; font-size: 18px;\">Durante una semana de manera consecutiva los hijos e hijas de los trabajadores del Instituto Nacional de Capacitaci\u00f3n y Educaci\u00f3n Socialista (Inces), regi\u00f3n Yaracuy, disfrutaron del Plan Vacacional Inces 2025.<\/span><\/p>\n<p style=\"text-align: justify;\"><span style=\"font-family: helvetica, arial, sans-serif; font-size: 18px;\">La aventura inici\u00f3 con un mundo de colchones inflables, cama el\u00e1stica, pinta caritas, juegos recreativos, actividades deportivas entre otras atracciones en donde desde los m\u00e1s peque\u00f1os hasta los m\u00e1s grandes disfrutaron al m\u00e1ximo.<\/span><\/p>\n<p>&nbsp;<\/p>\n<p style=\"text-align: justify;\"><span style=\"font-family: helvetica, arial, sans-serif; font-size: 18px;\"><img loading=\"lazy\" decoding=\"async\" class=\"aligncenter wp-image-66877 size-full\" src=\"https:\/\/inces.gob.ve\/wp-content\/uploads\/2025\/09\/WhatsApp-Image-2025-09-15-at-10.55.22-AM-2-e1757952670695.jpeg\" alt=\"\" width=\"800\" height=\"600\" \/><\/span><\/p>\n<p style=\"text-align: justify;\"><span style=\"font-family: helvetica, arial, sans-serif; font-size: 18px;\">El primer d\u00eda de diversi\u00f3n cont\u00f3 con la participaci\u00f3n de los recreadores de la Fundaci\u00f3n Nirgua \u2018Ruta de la Alegr\u00eda\u2019, quienes fueron los encargados de hacer que los participantes del plan vacacional tuvieran un d\u00eda extraordinario, realizando din\u00e1micas y juegos de acuerdo a las edades de los ni\u00f1os, ni\u00f1as y adolescentes.<\/span><\/p>\n<p>&nbsp;<\/p>\n<p style=\"text-align: justify;\"><span style=\"font-family: helvetica, arial, sans-serif; font-size: 18px;\"><img loading=\"lazy\" decoding=\"async\" class=\"aligncenter wp-image-66880 size-full\" src=\"https:\/\/inces.gob.ve\/wp-content\/uploads\/2025\/09\/WhatsApp-Image-2025-09-15-at-10.55.21-AM-1-e1757952702804.jpeg\" alt=\"\" width=\"800\" height=\"600\" \/><\/span><\/p>\n<p style=\"text-align: justify;\"><span style=\"font-family: helvetica, arial, sans-serif; font-size: 18px;\">Durante el segundo d\u00eda los ni\u00f1os m\u00e1s peque\u00f1os visitaron los espacios del Centro Did\u00e1ctico para la Ense\u00f1anza de las Ciencias, ubicado en los espacios de la Biblioteca P\u00fablica Dr. F\u00e9lix P\u00edfano, un mundo nuevo e incre\u00edble en donde conocieron sobre rob\u00f3tica, el sistema solar, los minerales, inteligencia artificial, adem\u00e1s de procesos biol\u00f3gicos y qu\u00edmicos.<\/span><\/p>\n<p>&nbsp;<\/p>\n<p style=\"text-align: justify;\"><span style=\"font-family: helvetica, arial, sans-serif; font-size: 18px;\"><img loading=\"lazy\" decoding=\"async\" class=\"aligncenter wp-image-66877 size-full\" src=\"https:\/\/inces.gob.ve\/wp-content\/uploads\/2025\/09\/WhatsApp-Image-2025-09-15-at-10.55.22-AM-2-e1757952670695.jpeg\" alt=\"\" width=\"800\" height=\"600\" \/><\/span><\/p>\n<p style=\"text-align: justify;\"><span style=\"font-family: helvetica, arial, sans-serif; font-size: 18px;\">En estos espacios los ni\u00f1os tuvieron la oportunidad de manejar robots, tomarse fotos con inteligencia artificial, entrar en el mundo de la historia de la galaxia y el sistema solar, observando a trav\u00e9s de pantallas mientras narraban la historia, pero adem\u00e1s palpar y explorar a trav\u00e9s de herramientas tecnol\u00f3gicas el universo.<\/span><\/p>\n<p style=\"text-align: justify;\"><span style=\"font-family: helvetica, arial, sans-serif; font-size: 18px;\">Otra de las paradas durante la aventura del Plan Vacacional Inces 2025, fue el Parque Ecol\u00f3gico San Felipe El Fuerte, ah\u00ed los esperaba una recreadora quien con juegos y din\u00e1micas hizo que los peque\u00f1os disfrutaran cada segundo.<\/span><\/p>\n<p>&nbsp;<\/p>\n<p style=\"text-align: justify;\"><span style=\"font-family: helvetica, arial, sans-serif; font-size: 18px;\"><img loading=\"lazy\" decoding=\"async\" class=\"aligncenter wp-image-66881 size-full\" src=\"https:\/\/inces.gob.ve\/wp-content\/uploads\/2025\/09\/WhatsApp-Image-2025-09-15-at-10.55.21-AM-e1757952757956.jpeg\" alt=\"\" width=\"800\" height=\"600\" \/><\/span><\/p>\n<p style=\"text-align: justify;\"><span style=\"font-family: helvetica, arial, sans-serif; font-size: 18px;\">De igual manera los chicos y chicas m\u00e1s grandes tuvieron la oportunidad de conocer el Centro Did\u00e1ctico para la Ense\u00f1anza de las Ciencias, para ellos la experiencia fue un poco m\u00e1s profunda. En estos espacios realizaron c\u00e1lculos matem\u00e1ticos y pusieron a prueba el conocimiento de la f\u00edsica, adem\u00e1s de la qu\u00edmica y biolog\u00eda.<\/span><\/p>\n<p style=\"text-align: justify;\"><span style=\"font-family: helvetica, arial, sans-serif; font-size: 18px;\">El cierre del plan se llev\u00f3 a cabo en dos espacios acordes con las edades de los hijos e hijas de los trabajadores, el grupo de los m\u00e1s peque\u00f1os se gozaron una ma\u00f1ana en las instalaciones de Pida Pizza, en donde disfrutaron del brinca brinca, camas el\u00e1sticas, toboganes, entre otras atracciones.<\/span><\/p>\n<p style=\"text-align: justify;\"><span style=\"font-family: helvetica, arial, sans-serif; font-size: 18px;\"><img loading=\"lazy\" decoding=\"async\" class=\"aligncenter wp-image-66878 size-full\" src=\"https:\/\/inces.gob.ve\/wp-content\/uploads\/2025\/09\/WhatsApp-Image-2025-09-15-at-10.55.22-AM-1-e1757952785861.jpeg\" alt=\"\" width=\"800\" height=\"600\" \/><\/span><\/p>\n<p style=\"text-align: justify;\"><span style=\"font-family: helvetica, arial, sans-serif; font-size: 18px;\">Entre tanto los m\u00e1s grandes compartieron en las instalaciones de Full Party, gozando de la piscina y de cada uno de los juegos y din\u00e1micas realizadas por la recreadora que por segundo a\u00f1o consecutivo es la encargada de animar a los chicos.<\/span><\/p>\n<p style=\"text-align: justify;\"><span style=\"font-family: helvetica, arial, sans-serif; font-size: 18px;\"><img loading=\"lazy\" decoding=\"async\" class=\"aligncenter wp-image-66875 size-full\" src=\"https:\/\/inces.gob.ve\/wp-content\/uploads\/2025\/09\/WhatsApp-Image-2025-09-15-at-10.55.22-AM-4-e1757952801942.jpeg\" alt=\"\" width=\"800\" height=\"600\" \/><\/span><\/p>\n<p style=\"text-align: justify;\"><span style=\"font-family: helvetica, arial, sans-serif; font-size: 18px;\">Los ni\u00f1os, ni\u00f1as y adolescentes se deleitaron de ricos desayunos, bebidas refrescantes, hamburguesas, perros calientes y golosinas<\/span><\/p>\n","protected":false},"excerpt":{"rendered":"<p>***Ni\u00f1os, Ni\u00f1as y adolescentes disfrutaron una semana de mucha diversi\u00f3n<\/p>\n","protected":false},"author":15,"featured_media":66879,"comment_status":"closed","ping_status":"closed","sticky":false,"template":"","format":"standard","meta":{"footnotes":""},"categories":[2],"tags":[],"class_list":["post-66874","post","type-post","status-publish","format-standard","has-post-thumbnail","hentry","category-blog"],"_links":{"self":[{"href":"https:\/\/inces.gob.ve\/index.php\/wp-json\/wp\/v2\/posts\/66874","targetHints":{"allow":["GET"]}}],"collection":[{"href":"https:\/\/inces.gob.ve\/index.php\/wp-json\/wp\/v2\/posts"}],"about":[{"href":"https:\/\/inces.gob.ve\/index.php\/wp-json\/wp\/v2\/types\/post"}],"author":[{"embeddable":true,"href":"https:\/\/inces.gob.ve\/index.php\/wp-json\/wp\/v2\/users\/15"}],"replies":[{"embeddable":true,"href":"https:\/\/inces.gob.ve\/index.php\/wp-json\/wp\/v2\/comments?post=66874"}],"version-history":[{"count":4,"href":"https:\/\/inces.gob.ve\/index.php\/wp-json\/wp\/v2\/posts\/66874\/revisions"}],"predecessor-version":[{"id":68566,"href":"https:\/\/inces.gob.ve\/index.php\/wp-json\/wp\/v2\/posts\/66874\/revisions\/68566"}],"wp:featuredmedia":[{"embeddable":true,"href":"https:\/\/inces.gob.ve\/index.php\/wp-json\/wp\/v2\/media\/66879"}],"wp:attachment":[{"href":"https:\/\/inces.gob.ve\/index.php\/wp-json\/wp\/v2\/media?parent=66874"}],"wp:term":[{"taxonomy":"category","embeddable":true,"href":"https:\/\/inces.gob.ve\/index.php\/wp-json\/wp\/v2\/categories?post=66874"},{"taxonomy":"post_tag","embeddable":true,"href":"https:\/\/inces.gob.ve\/index.php\/wp-json\/wp\/v2\/tags?post=66874"}],"curies":[{"name":"wp","href":"https:\/\/api.w.org\/{rel}","templated":true}]}}