{"id":66900,"date":"2025-09-17T10:50:16","date_gmt":"2025-09-17T14:50:16","guid":{"rendered":"https:\/\/inces.gob.ve\/?p=66900"},"modified":"2025-09-17T10:50:37","modified_gmt":"2025-09-17T14:50:37","slug":"inicia-en-belice-tercer-ciclo-de-formacion-tecnica-productiva-con-apoyo-del-inces","status":"publish","type":"post","link":"https:\/\/inces.gob.ve\/index.php\/2025\/09\/17\/inicia-en-belice-tercer-ciclo-de-formacion-tecnica-productiva-con-apoyo-del-inces\/","title":{"rendered":"Inicia en Belice tercer ciclo de formaci\u00f3n t\u00e9cnica-productiva con apoyo del Inces"},"content":{"rendered":"<div id=\":no\" class=\"ii gt\">\n<div id=\":nn\" class=\"a3s aiL\">\n<div>\n<div dir=\"ltr\">\n<p style=\"text-align: justify;\"><span style=\"font-family: helvetica, arial, sans-serif; font-size: 18px;\"><strong><em>** Este tercer y \u00faltimo curso de formaci\u00f3n de 2025 abarca los aspectos referidos al arte de corte y confecci\u00f3n de piezas b\u00e1sicas, ropa deportiva y uniformes escolares, dictado por instructores y profesores del Inces, en alianza estrat\u00e9gica con la alcald\u00eda de Belmop\u00e1n<\/em><\/strong><\/span><\/p>\n<\/div>\n<\/div>\n<\/div>\n<\/div>\n<p style=\"text-align: justify;\"><span style=\"font-family: helvetica, arial, sans-serif; font-size: 18px;\"><!--more--><\/span><\/p>\n<p style=\"text-align: justify;\"><span style=\"font-family: helvetica, arial, sans-serif; font-size: 18px;\">FUENTE: <a href=\"https:\/\/mppre.gob.ve\/\" target=\"_blank\" rel=\"noopener\" data-saferedirecturl=\"https:\/\/www.google.com\/url?q=https:\/\/mppre.gob.ve\/&amp;source=gmail&amp;ust=1758206714618000&amp;usg=AOvVaw0m93j1tCXU5W2ZfKmNO7M4\">https:\/\/mppre.gob.ve\/<\/a><\/span><\/p>\n<div id=\":no\" class=\"ii gt\">\n<div id=\":nn\" class=\"a3s aiL\">\n<div dir=\"ltr\" style=\"text-align: justify;\">\n<p><span style=\"font-family: helvetica, arial, sans-serif; font-size: 18px;\">Con la participaci\u00f3n de un nutrido grupo de mujeres y hombres de las comunidades de Belmop\u00e1n, se inaugur\u00f3 la tercera y \u00faltima fase de launidad\u00a0curricular de formaci\u00f3n t\u00e9cnico-productiva, iniciativa coordinada por el Ministerio del Poder Popular para Relaciones Exteriores, la embajada en Belice y el Instituto Nacional de Capacitaci\u00f3n y Educaci\u00f3n Socialista (Inces) de Venezuela.<\/span><\/p>\n<p>&nbsp;<\/p>\n<p><span style=\"font-family: helvetica, arial, sans-serif; font-size: 18px;\">El acto se celebr\u00f3 en el Civic Center de esta ciudad y cont\u00f3 con la presencia del alcalde de Belmop\u00e1n, Pablo Cauich, y el embajador venezolano en el pa\u00eds caribe\u00f1o, Gerardo Argote, as\u00ed como estudiantes y allegados a la formaci\u00f3n.<\/span><\/p>\n<p>&nbsp;<\/p>\n<p><span style=\"font-family: helvetica, arial, sans-serif; font-size: 18px;\">En espec\u00edfico, este tercer y \u00faltimo curso de formaci\u00f3n de 2025 abarca los aspectos referidos al arte de corte y confecci\u00f3n de piezas b\u00e1sicas, ropa deportiva y uniformes escolares, dictado por facilitadores del Inces, en alianza estrat\u00e9gica con la alcald\u00eda de Belmop\u00e1n.<\/span><\/p>\n<p>&nbsp;<\/p>\n<p><span style=\"font-family: helvetica, arial, sans-serif; font-size: 18px;\">El objetivo central de esta formaci\u00f3n t\u00e9cnica es la creaci\u00f3n de un n\u00facleo de desarrollo end\u00f3geno que permita el establecimiento de un taller de costura autosustentable, capaz de generar piezas como uniformes para la alcald\u00eda, escuelas y dem\u00e1s instituciones locales, fomentando as\u00ed la independencia econ\u00f3mica de las participantes.<\/span><\/p>\n<p>&nbsp;<\/p>\n<p><span style=\"font-family: helvetica, arial, sans-serif; font-size: 18px;\">El alcalde de la capital belice\u00f1a, Pablo Cawich, manifest\u00f3 su confianza en el desarrollo de la cooperaci\u00f3n educativa con Venezuela a trav\u00e9s del Inces. \u201cAuguramos el mayor de los \u00e9xitos a las belice\u00f1as participantes y extendemos nuestro agradecimiento a Venezuela por posibilitar esta iniciativa\u201d, expres\u00f3 la primera autoridad municipal.<\/span><\/p>\n<p>&nbsp;<\/p>\n<p><span style=\"font-family: helvetica, arial, sans-serif; font-size: 18px;\">El embajador Gerardo Argote resalt\u00f3 la utilidad de la formaci\u00f3n para la vida diaria y el provecho que las participantes podr\u00e1n obtener de la misma para su autonom\u00eda econ\u00f3mica.<\/span><\/p>\n<p>&nbsp;<\/p>\n<p><span style=\"font-family: helvetica, arial, sans-serif; font-size: 18px;\">\u201cEstamos seguros de que valorar\u00e1n el esfuerzo conjunto del equipo formador, que ha recorrido con \u00e9xito varias comunidades de Belice para compartir sus conocimientos\u201d, dijo el diplom\u00e1tico venezolano.<\/span><\/p>\n<p>&nbsp;<\/p>\n<p><span style=\"font-family: helvetica, arial, sans-serif; font-size: 18px;\">Agradeci\u00f3, adem\u00e1s, el compromiso del equipo profesional del Incesweb e intra que ha participado durante 2025 en una gira formativa que se ha realizado en varias zonas del pa\u00eds, como en las ciudades de San Ignacio y Corozal.<\/span><\/p>\n<\/div>\n<div class=\"yj6qo\" style=\"text-align: justify;\"><\/div>\n<div class=\"adL\"><\/div>\n<\/div>\n<\/div>\n<p>&nbsp;<\/p>\n<div id=\":nz\" class=\"hq gt\"><\/div>\n","protected":false},"excerpt":{"rendered":"<p>** Este tercer y \u00faltimo curso de formaci\u00f3n de 2025 abarca los aspectos referidos al arte de corte y confecci\u00f3n de piezas b\u00e1sicas, ropa deportiva y uniformes escolares, dictado por instructores y profesores del Inces, en alianza estrat\u00e9gica con la alcald\u00eda de Belmop\u00e1n<\/p>\n","protected":false},"author":15,"featured_media":66901,"comment_status":"closed","ping_status":"closed","sticky":false,"template":"","format":"standard","meta":{"footnotes":""},"categories":[2],"tags":[],"class_list":["post-66900","post","type-post","status-publish","format-standard","has-post-thumbnail","hentry","category-blog"],"_links":{"self":[{"href":"https:\/\/inces.gob.ve\/index.php\/wp-json\/wp\/v2\/posts\/66900","targetHints":{"allow":["GET"]}}],"collection":[{"href":"https:\/\/inces.gob.ve\/index.php\/wp-json\/wp\/v2\/posts"}],"about":[{"href":"https:\/\/inces.gob.ve\/index.php\/wp-json\/wp\/v2\/types\/post"}],"author":[{"embeddable":true,"href":"https:\/\/inces.gob.ve\/index.php\/wp-json\/wp\/v2\/users\/15"}],"replies":[{"embeddable":true,"href":"https:\/\/inces.gob.ve\/index.php\/wp-json\/wp\/v2\/comments?post=66900"}],"version-history":[{"count":2,"href":"https:\/\/inces.gob.ve\/index.php\/wp-json\/wp\/v2\/posts\/66900\/revisions"}],"predecessor-version":[{"id":66903,"href":"https:\/\/inces.gob.ve\/index.php\/wp-json\/wp\/v2\/posts\/66900\/revisions\/66903"}],"wp:featuredmedia":[{"embeddable":true,"href":"https:\/\/inces.gob.ve\/index.php\/wp-json\/wp\/v2\/media\/66901"}],"wp:attachment":[{"href":"https:\/\/inces.gob.ve\/index.php\/wp-json\/wp\/v2\/media?parent=66900"}],"wp:term":[{"taxonomy":"category","embeddable":true,"href":"https:\/\/inces.gob.ve\/index.php\/wp-json\/wp\/v2\/categories?post=66900"},{"taxonomy":"post_tag","embeddable":true,"href":"https:\/\/inces.gob.ve\/index.php\/wp-json\/wp\/v2\/tags?post=66900"}],"curies":[{"name":"wp","href":"https:\/\/api.w.org\/{rel}","templated":true}]}}