{"id":66929,"date":"2025-09-17T15:15:10","date_gmt":"2025-09-17T19:15:10","guid":{"rendered":"https:\/\/inces.gob.ve\/?p=66929"},"modified":"2025-09-18T09:12:58","modified_gmt":"2025-09-18T13:12:58","slug":"amazonas-realizada-entrega-de-utiles-escolares-para-el-regreso-a-clases-2025-202","status":"publish","type":"post","link":"https:\/\/inces.gob.ve\/index.php\/2025\/09\/17\/amazonas-realizada-entrega-de-utiles-escolares-para-el-regreso-a-clases-2025-202\/","title":{"rendered":"Amazonas |  Realizada entrega de \u00fatiles escolares para el regreso a clases 2025 -2026"},"content":{"rendered":"<p style=\"text-align: justify;\"><span style=\"font-family: helvetica, arial, sans-serif; font-size: 18px;\">***La Gerencia Regional del Inces en Amazonas, a trav\u00e9s de la Divisi\u00f3n de Talento Humano, realiz\u00f3 la entrega de los kits de \u00fatiles escolares, esto con motivo del inicio del nuevo a\u00f1o escolar 2025-2026.<!--more--><\/span><\/p>\n<p>&nbsp;<\/p>\n<p style=\"text-align: justify;\"><span style=\"font-family: helvetica, arial, sans-serif; font-size: 18px;\">La entrega de los kits de \u00fatiles escolares fue realizada por el gerente regional de Inces Amazonas, Tom\u00e1s Vivas, junto a la jefa de talento humano, Evelyn Prieto, quienes realizaron el aporte a padres e hijos de los trabajadores activos que se encuentran actualmente cursando estudios en los diferentes niveles educativos. Los kits entregados fueron adaptados a los niveles de preescolar, educaci\u00f3n b\u00e1sica, media general y universitaria. Los implementos forman parte de los beneficios sociales para la protecci\u00f3n a las familias que garantiza la instituci\u00f3n.<\/span><\/p>\n<p>&nbsp;<\/p>\n<p>&nbsp;<\/p>\n<p><img loading=\"lazy\" decoding=\"async\" class=\"aligncenter wp-image-66930 size-full\" src=\"https:\/\/inces.gob.ve\/wp-content\/uploads\/2025\/09\/d1ef7f71-6ff2-4239-b56f-d35361bb9335-e1758136366548.jpeg\" alt=\"\" width=\"800\" height=\"622\" \/><\/p>\n<p style=\"text-align: justify;\"><span style=\"font-family: helvetica, arial, sans-serif; font-size: 18px;\">Es importante mencionar que cada kit contiene 5 cuadernos, 1 caja de colores, 1 caja de l\u00e1pices, 1 sacapuntas, 1 goma de borrar, entre otras cosas, La entrega fue realizada en un acto con los trabajadores beneficiados en las instalaciones del Centro de Formaci\u00f3n Socialista (CFS) Cacique Aramare de la ciudad de Puerto Ayacucho.<\/span><\/p>\n<p>&nbsp;<\/p>\n<p><img loading=\"lazy\" decoding=\"async\" class=\"aligncenter wp-image-66932 size-full\" src=\"https:\/\/inces.gob.ve\/wp-content\/uploads\/2025\/09\/425c7a1c-b0af-44d6-84bd-71acfffde36b-e1758136448544.jpeg\" alt=\"\" width=\"800\" height=\"603\" \/><\/p>\n<p>&nbsp;<\/p>\n<p style=\"text-align: justify;\"><span style=\"font-family: helvetica, arial, sans-serif; font-size: 18px;\">Los \u00fatiles escolares se entregaron gracias a las pol\u00edticas del presidente de Inces, Wuikelman Angel Paredes, a trav\u00e9s de la gerencia regional de Inces Amazonas, encabezada por el ciudadano Tom\u00e1s Vivas.<\/span><\/p>\n","protected":false},"excerpt":{"rendered":"<p>***La Gerencia Regional del Inces en Amazonas, a trav\u00e9s de la Divisi\u00f3n de Talento Humano, realiz\u00f3 la entrega de los kits de \u00fatiles escolares, esto con motivo del inicio del nuevo a\u00f1o escolar 2025-2026.<\/p>\n","protected":false},"author":15,"featured_media":66933,"comment_status":"closed","ping_status":"closed","sticky":false,"template":"","format":"standard","meta":{"footnotes":""},"categories":[2],"tags":[],"class_list":["post-66929","post","type-post","status-publish","format-standard","has-post-thumbnail","hentry","category-blog"],"_links":{"self":[{"href":"https:\/\/inces.gob.ve\/index.php\/wp-json\/wp\/v2\/posts\/66929","targetHints":{"allow":["GET"]}}],"collection":[{"href":"https:\/\/inces.gob.ve\/index.php\/wp-json\/wp\/v2\/posts"}],"about":[{"href":"https:\/\/inces.gob.ve\/index.php\/wp-json\/wp\/v2\/types\/post"}],"author":[{"embeddable":true,"href":"https:\/\/inces.gob.ve\/index.php\/wp-json\/wp\/v2\/users\/15"}],"replies":[{"embeddable":true,"href":"https:\/\/inces.gob.ve\/index.php\/wp-json\/wp\/v2\/comments?post=66929"}],"version-history":[{"count":3,"href":"https:\/\/inces.gob.ve\/index.php\/wp-json\/wp\/v2\/posts\/66929\/revisions"}],"predecessor-version":[{"id":66955,"href":"https:\/\/inces.gob.ve\/index.php\/wp-json\/wp\/v2\/posts\/66929\/revisions\/66955"}],"wp:featuredmedia":[{"embeddable":true,"href":"https:\/\/inces.gob.ve\/index.php\/wp-json\/wp\/v2\/media\/66933"}],"wp:attachment":[{"href":"https:\/\/inces.gob.ve\/index.php\/wp-json\/wp\/v2\/media?parent=66929"}],"wp:term":[{"taxonomy":"category","embeddable":true,"href":"https:\/\/inces.gob.ve\/index.php\/wp-json\/wp\/v2\/categories?post=66929"},{"taxonomy":"post_tag","embeddable":true,"href":"https:\/\/inces.gob.ve\/index.php\/wp-json\/wp\/v2\/tags?post=66929"}],"curies":[{"name":"wp","href":"https:\/\/api.w.org\/{rel}","templated":true}]}}