{"id":67039,"date":"2025-09-24T09:04:47","date_gmt":"2025-09-24T13:04:47","guid":{"rendered":"https:\/\/inces.gob.ve\/?p=67039"},"modified":"2025-09-24T09:48:57","modified_gmt":"2025-09-24T13:48:57","slug":"merida-trabajadores-del-inces-recibieron-kits-de-utiles-escolares-2","status":"publish","type":"post","link":"https:\/\/inces.gob.ve\/index.php\/2025\/09\/24\/merida-trabajadores-del-inces-recibieron-kits-de-utiles-escolares-2\/","title":{"rendered":"M\u00c9RIDA | Trabajadores del Inces recibieron kits de \u00fatiles escolares"},"content":{"rendered":"<p style=\"text-align: justify;\"><span style=\"font-family: helvetica, arial, sans-serif; font-size: 18px;\"><em><strong>** La entrega de la ayuda escolar se extendi\u00f3 para los estudiantes desde preescolar, primaria, bachillerato y universitaria, cada uno con un contenido seg\u00fan el nivel escolar.<\/strong><\/em><!--more--><\/span><\/p>\n<p style=\"text-align: justify;\"><span style=\"font-family: helvetica, arial, sans-serif; font-size: 18px;\">NADIA LOBO<\/span><\/p>\n<p style=\"text-align: justify;\"><span style=\"font-family: helvetica, arial, sans-serif; font-size: 18px;\">Trabajadores del Inces-M\u00e9rida recibieron 105 kits contentivos de \u00fatiles escolares para los hijos e hijas en instrucci\u00f3n preescolar, b\u00e1sica, bachillerato y universitaria, tal y como lo contempla la convenci\u00f3n colectiva vigente de esta instituci\u00f3n.<\/span><\/p>\n<p>&nbsp;<\/p>\n<p><img loading=\"lazy\" decoding=\"async\" class=\"wp-image-67040 size-full aligncenter\" src=\"https:\/\/inces.gob.ve\/wp-content\/uploads\/2025\/09\/Utiles-3-e1758718966514.jpg\" alt=\"\" width=\"800\" height=\"489\" \/><\/p>\n<p style=\"text-align: justify;\"><span style=\"font-family: helvetica, arial, sans-serif; font-size: 18px;\">As\u00ed lo comunic\u00f3 el gerente regional, Geldrit Roca, quien destac\u00f3 que este beneficio se desarrolla en coordinaci\u00f3n con la Divisi\u00f3n de Talento Humano, gracias a las pol\u00edticas sociales del gobierno bolivariano del presidente Nicol\u00e1s Maduro y el presidente del Inces, Wuikelman Angel Paredes, que buscan proteger a las familias venezolanas.<\/span><\/p>\n<p>&nbsp;<\/p>\n<p><img loading=\"lazy\" decoding=\"async\" class=\"aligncenter wp-image-67041 size-full\" src=\"https:\/\/inces.gob.ve\/wp-content\/uploads\/2025\/09\/Utiles-2-e1758719006716.jpg\" alt=\"\" width=\"800\" height=\"708\" \/><\/p>\n<p style=\"text-align: justify;\"><span style=\"font-family: helvetica, arial, sans-serif; font-size: 18px;\">El titular del Inces indic\u00f3 que las jornadas de entrega de los kits escolares se han convertido en una gran ayuda para los trabajadores activos de la instituci\u00f3n, siendo una valiosa ayuda en este regreso a clase, correspondiente al periodo escolar 2025-2026.<\/span><\/p>\n","protected":false},"excerpt":{"rendered":"<p>** La entrega de la ayuda escolar se extendi\u00f3 para los estudiantes desde preescolar, primaria, bachillerato y universitaria, cada uno con un contenido seg\u00fan el nivel escolar.<\/p>\n","protected":false},"author":15,"featured_media":67042,"comment_status":"closed","ping_status":"closed","sticky":false,"template":"","format":"standard","meta":{"footnotes":""},"categories":[2],"tags":[],"class_list":["post-67039","post","type-post","status-publish","format-standard","has-post-thumbnail","hentry","category-blog"],"_links":{"self":[{"href":"https:\/\/inces.gob.ve\/index.php\/wp-json\/wp\/v2\/posts\/67039","targetHints":{"allow":["GET"]}}],"collection":[{"href":"https:\/\/inces.gob.ve\/index.php\/wp-json\/wp\/v2\/posts"}],"about":[{"href":"https:\/\/inces.gob.ve\/index.php\/wp-json\/wp\/v2\/types\/post"}],"author":[{"embeddable":true,"href":"https:\/\/inces.gob.ve\/index.php\/wp-json\/wp\/v2\/users\/15"}],"replies":[{"embeddable":true,"href":"https:\/\/inces.gob.ve\/index.php\/wp-json\/wp\/v2\/comments?post=67039"}],"version-history":[{"count":2,"href":"https:\/\/inces.gob.ve\/index.php\/wp-json\/wp\/v2\/posts\/67039\/revisions"}],"predecessor-version":[{"id":67044,"href":"https:\/\/inces.gob.ve\/index.php\/wp-json\/wp\/v2\/posts\/67039\/revisions\/67044"}],"wp:featuredmedia":[{"embeddable":true,"href":"https:\/\/inces.gob.ve\/index.php\/wp-json\/wp\/v2\/media\/67042"}],"wp:attachment":[{"href":"https:\/\/inces.gob.ve\/index.php\/wp-json\/wp\/v2\/media?parent=67039"}],"wp:term":[{"taxonomy":"category","embeddable":true,"href":"https:\/\/inces.gob.ve\/index.php\/wp-json\/wp\/v2\/categories?post=67039"},{"taxonomy":"post_tag","embeddable":true,"href":"https:\/\/inces.gob.ve\/index.php\/wp-json\/wp\/v2\/tags?post=67039"}],"curies":[{"name":"wp","href":"https:\/\/api.w.org\/{rel}","templated":true}]}}