{"id":67171,"date":"2025-10-02T09:58:28","date_gmt":"2025-10-02T13:58:28","guid":{"rendered":"https:\/\/inces.gob.ve\/?p=67171"},"modified":"2025-10-02T09:58:55","modified_gmt":"2025-10-02T13:58:55","slug":"yaracuy-trabajadores-del-concejo-municipal-de-independencia-se-capacitan-en-etiqueta-y-protocolo","status":"publish","type":"post","link":"https:\/\/inces.gob.ve\/index.php\/2025\/10\/02\/yaracuy-trabajadores-del-concejo-municipal-de-independencia-se-capacitan-en-etiqueta-y-protocolo\/","title":{"rendered":"YARACUY | Trabajadores del Concejo Municipal de Independencia se capacitan en etiqueta y protocolo"},"content":{"rendered":"<p style=\"text-align: justify;\"><span style=\"font-family: helvetica, arial, sans-serif; font-size: 18px;\"><strong><em>** La Direcci\u00f3n de Prensa del citado ente solicit\u00f3 la capacitaci\u00f3n para el personal ante el \u00e1mbito de Entidades de Trabajo.<\/em><\/strong><!--more--><\/span><\/p>\n<p>&nbsp;<\/p>\n<p style=\"text-align: justify;\"><span style=\"font-family: helvetica, arial, sans-serif; font-size: 18px;\">YOLAICE VARGAS<\/span><\/p>\n<p style=\"text-align: justify;\"><span style=\"font-family: helvetica, arial, sans-serif; font-size: 18px;\">Con el objetivo de fortalecer la excelencia en las actividades protocolares del Concejo Municipal del municipio Independencia, la direcci\u00f3n de prensa de la instituci\u00f3n solicit\u00f3 al Instituto Nacional de Capacitaci\u00f3n y Educaci\u00f3n Socialista (Inces), regi\u00f3n Yaracuy, un proceso formativo dirigido al personal de prensa y protocolo.<\/span><\/p>\n<p>&nbsp;<\/p>\n<p><img loading=\"lazy\" decoding=\"async\" class=\"aligncenter wp-image-67176 size-full\" src=\"https:\/\/inces.gob.ve\/wp-content\/uploads\/2025\/10\/548496387_18097085608725909_928445299254990539_n-e1759413257163.jpg\" alt=\"\" width=\"800\" height=\"421\" \/><\/p>\n<p style=\"text-align: justify;\"><span style=\"font-family: helvetica, arial, sans-serif; font-size: 18px;\">La capacitaci\u00f3n se realiza bajo la coordinaci\u00f3n del \u00e1mbito Entidades de Trabajo, en la unidad curricular Etiqueta y Protocolo, bajo las instrucciones del maestro t\u00e9cnico voluntario Jos\u00e9 Miguel Badilla, profesional de la comunicaci\u00f3n con amplio conocimiento en el \u00e1rea.<\/span><\/p>\n<p>&nbsp;<\/p>\n<p><img loading=\"lazy\" decoding=\"async\" class=\"aligncenter wp-image-67175 size-full\" src=\"https:\/\/inces.gob.ve\/wp-content\/uploads\/2025\/10\/548877733_18097085599725909_2387864910923119270_n-e1759413318968.jpg\" alt=\"\" width=\"800\" height=\"644\" \/><\/p>\n<p style=\"text-align: justify;\"><span style=\"font-family: helvetica, arial, sans-serif; font-size: 18px;\">Los trabajadores de la dependencia institucional reciben con benepl\u00e1cito las orientaciones del maestro, ya que la capacitaci\u00f3n es una oportunidad para avanzar en conocimientos y reforzar los saberes obtenidos mediante la experiencia.<\/span><\/p>\n<p>&nbsp;<\/p>\n<p><img loading=\"lazy\" decoding=\"async\" class=\"aligncenter wp-image-67174 size-full\" src=\"https:\/\/inces.gob.ve\/wp-content\/uploads\/2025\/10\/549261457_18097085617725909_231122155810103684_n-e1759413402400.jpg\" alt=\"\" width=\"800\" height=\"509\" \/><\/p>\n<p style=\"text-align: justify;\"><span style=\"font-family: helvetica, arial, sans-serif; font-size: 18px;\">Cabe destacar que esta formaci\u00f3n, impartida a trav\u00e9s del Inces, se perfila como una de las m\u00e1s solicitadas por parte de instituciones p\u00fablicas y privadas, ya que es de suma importancia capacitar al personal en \u00e1reas espec\u00edficas que permiten garantizar actividades de altura y prestancia.<\/span><\/p>\n<p>&nbsp;<\/p>\n","protected":false},"excerpt":{"rendered":"<p>** La Direcci\u00f3n de Prensa del citado ente solicit\u00f3 la capacitaci\u00f3n para el personal ante el \u00e1mbito de Entidades de Trabajo.<\/p>\n","protected":false},"author":15,"featured_media":67173,"comment_status":"closed","ping_status":"closed","sticky":false,"template":"","format":"standard","meta":{"footnotes":""},"categories":[2],"tags":[],"class_list":["post-67171","post","type-post","status-publish","format-standard","has-post-thumbnail","hentry","category-blog"],"_links":{"self":[{"href":"https:\/\/inces.gob.ve\/index.php\/wp-json\/wp\/v2\/posts\/67171","targetHints":{"allow":["GET"]}}],"collection":[{"href":"https:\/\/inces.gob.ve\/index.php\/wp-json\/wp\/v2\/posts"}],"about":[{"href":"https:\/\/inces.gob.ve\/index.php\/wp-json\/wp\/v2\/types\/post"}],"author":[{"embeddable":true,"href":"https:\/\/inces.gob.ve\/index.php\/wp-json\/wp\/v2\/users\/15"}],"replies":[{"embeddable":true,"href":"https:\/\/inces.gob.ve\/index.php\/wp-json\/wp\/v2\/comments?post=67171"}],"version-history":[{"count":2,"href":"https:\/\/inces.gob.ve\/index.php\/wp-json\/wp\/v2\/posts\/67171\/revisions"}],"predecessor-version":[{"id":67178,"href":"https:\/\/inces.gob.ve\/index.php\/wp-json\/wp\/v2\/posts\/67171\/revisions\/67178"}],"wp:featuredmedia":[{"embeddable":true,"href":"https:\/\/inces.gob.ve\/index.php\/wp-json\/wp\/v2\/media\/67173"}],"wp:attachment":[{"href":"https:\/\/inces.gob.ve\/index.php\/wp-json\/wp\/v2\/media?parent=67171"}],"wp:term":[{"taxonomy":"category","embeddable":true,"href":"https:\/\/inces.gob.ve\/index.php\/wp-json\/wp\/v2\/categories?post=67171"},{"taxonomy":"post_tag","embeddable":true,"href":"https:\/\/inces.gob.ve\/index.php\/wp-json\/wp\/v2\/tags?post=67171"}],"curies":[{"name":"wp","href":"https:\/\/api.w.org\/{rel}","templated":true}]}}