{"id":67220,"date":"2025-09-19T15:10:19","date_gmt":"2025-09-19T19:10:19","guid":{"rendered":"https:\/\/inces.gob.ve\/?p=67220"},"modified":"2025-10-02T15:12:05","modified_gmt":"2025-10-02T19:12:05","slug":"sucre-entrega-de-kits-escolares-a-hijos-de-trabajadores","status":"publish","type":"post","link":"https:\/\/inces.gob.ve\/index.php\/2025\/09\/19\/sucre-entrega-de-kits-escolares-a-hijos-de-trabajadores\/","title":{"rendered":"SUCRE | Entrega de kits escolares a hijos de trabajadores"},"content":{"rendered":"<p class=\"ds-markdown-paragraph\"><span style=\"font-size: 16px; font-family: helvetica, arial, sans-serif;\">A trav\u00e9s del presidente del Inces, Wuikelman \u00c1ngel Paredes, y la gerente regional del Inces Sucre, Dorana Vidal Vera, se realiz\u00f3 una emotiva jornada en la sede regional, dirigida a los hijos de los trabajadores de la sede y del CFS Comercio.<\/span><\/p>\n<p>&nbsp;<\/p>\n<p class=\"ds-markdown-paragraph\"><span style=\"font-size: 16px; font-family: helvetica, arial, sans-serif;\">Se don\u00f3 un total de 86 kits escolares, cada uno cuidadosamente preparado para satisfacer las necesidades educativas de los ni\u00f1os. Este gesto no solo alivia la carga econ\u00f3mica de los padres, sino que tambi\u00e9n fomenta un ambiente de aprendizaje adecuado y motivador para los m\u00e1s peque\u00f1os.<\/span><\/p>\n<p>&nbsp;<\/p>\n<p class=\"ds-markdown-paragraph\"><span style=\"font-size: 16px; font-family: helvetica, arial, sans-serif;\">Asimismo, se destac\u00f3 la importancia de estas acciones en la construcci\u00f3n de un futuro m\u00e1s prometedor para los ni\u00f1os, quienes, al contar con las herramientas necesarias, podr\u00e1n desarrollar su potencial acad\u00e9mico y personal.<\/span><\/p>\n<p>&nbsp;<\/p>\n<p class=\"ds-markdown-paragraph\"><span style=\"font-size: 16px; font-family: helvetica, arial, sans-serif;\">La entrega de estos \u00fatiles escolares fue recibida con gran entusiasmo por los beneficiarios y sus familiares, quienes expresaron su agradecimiento a la instituci\u00f3n y al presidente del Inces por la iniciativa.<\/span><\/p>\n","protected":false},"excerpt":{"rendered":"<p>A trav\u00e9s del presidente del Inces, Wuikelman \u00c1ngel Paredes, y la gerente regional del Inces Sucre, Dorana Vidal Vera, se realiz\u00f3 una emotiva jornada en la sede regional, dirigida a los hijos de los trabajadores de la sede y del CFS Comercio. &nbsp; Se don\u00f3 un total de 86 kits escolares, cada uno cuidadosamente preparado [&hellip;]<\/p>\n","protected":false},"author":4,"featured_media":67221,"comment_status":"closed","ping_status":"closed","sticky":false,"template":"","format":"standard","meta":{"footnotes":""},"categories":[2],"tags":[],"class_list":["post-67220","post","type-post","status-publish","format-standard","has-post-thumbnail","hentry","category-blog"],"_links":{"self":[{"href":"https:\/\/inces.gob.ve\/index.php\/wp-json\/wp\/v2\/posts\/67220","targetHints":{"allow":["GET"]}}],"collection":[{"href":"https:\/\/inces.gob.ve\/index.php\/wp-json\/wp\/v2\/posts"}],"about":[{"href":"https:\/\/inces.gob.ve\/index.php\/wp-json\/wp\/v2\/types\/post"}],"author":[{"embeddable":true,"href":"https:\/\/inces.gob.ve\/index.php\/wp-json\/wp\/v2\/users\/4"}],"replies":[{"embeddable":true,"href":"https:\/\/inces.gob.ve\/index.php\/wp-json\/wp\/v2\/comments?post=67220"}],"version-history":[{"count":2,"href":"https:\/\/inces.gob.ve\/index.php\/wp-json\/wp\/v2\/posts\/67220\/revisions"}],"predecessor-version":[{"id":67223,"href":"https:\/\/inces.gob.ve\/index.php\/wp-json\/wp\/v2\/posts\/67220\/revisions\/67223"}],"wp:featuredmedia":[{"embeddable":true,"href":"https:\/\/inces.gob.ve\/index.php\/wp-json\/wp\/v2\/media\/67221"}],"wp:attachment":[{"href":"https:\/\/inces.gob.ve\/index.php\/wp-json\/wp\/v2\/media?parent=67220"}],"wp:term":[{"taxonomy":"category","embeddable":true,"href":"https:\/\/inces.gob.ve\/index.php\/wp-json\/wp\/v2\/categories?post=67220"},{"taxonomy":"post_tag","embeddable":true,"href":"https:\/\/inces.gob.ve\/index.php\/wp-json\/wp\/v2\/tags?post=67220"}],"curies":[{"name":"wp","href":"https:\/\/api.w.org\/{rel}","templated":true}]}}