{"id":67243,"date":"2025-10-03T15:18:46","date_gmt":"2025-10-03T19:18:46","guid":{"rendered":"https:\/\/inces.gob.ve\/?p=67243"},"modified":"2025-10-03T16:14:59","modified_gmt":"2025-10-03T20:14:59","slug":"el-inces-ofrece-jornada-de-embellecimiento-a-sus-secretarias-en-su-dia","status":"publish","type":"post","link":"https:\/\/inces.gob.ve\/index.php\/2025\/10\/03\/el-inces-ofrece-jornada-de-embellecimiento-a-sus-secretarias-en-su-dia\/","title":{"rendered":"El Inces ofrece jornada de embellecimiento a sus secretarias en su d\u00eda"},"content":{"rendered":"<p style=\"text-align: justify;\"><span style=\"font-family: helvetica, arial, sans-serif; font-size: 18px;\"><em><strong>\u00a1Hoy celebramos a quienes mantienen la oficina en movimiento. Feliz D\u00eda de la Secretaria! Agradecemos tu compromiso y disposici\u00f3n para ayudar. \u00a1Eres una estrella que brilla en todo momento!<\/strong><\/em><!--more--><\/span><\/p>\n<p>&nbsp;<\/p>\n<p style=\"text-align: justify;\"><span style=\"font-family: helvetica, arial, sans-serif; font-size: 18px;\">Dimas P\u00e1ez<\/span><br \/>\n<span style=\"font-family: helvetica, arial, sans-serif; font-size: 18px;\">F\/Rafael Urbina<\/span><\/p>\n<p style=\"text-align: justify;\"><span style=\"font-family: helvetica, arial, sans-serif; font-size: 18px;\">Con motivo del D\u00eda de la Secretaria, el Instituto Nacional de Capacitaci\u00f3n y Educaci\u00f3n Socialista (Inces) ofreci\u00f3 una jornada de embellecimiento que incluy\u00f3 servicios de peluquer\u00eda, barber\u00eda y manicura para celebrar esta fecha.<\/span><\/p>\n<p>&nbsp;<\/p>\n<p><img loading=\"lazy\" decoding=\"async\" class=\"wp-image-67291 size-full aligncenter\" src=\"https:\/\/inces.gob.ve\/wp-content\/uploads\/2025\/10\/IMG_20250929_153337_099@-4821279942-scaled-e1759518340642.jpg\" alt=\"\" width=\"800\" height=\"674\" \/><\/p>\n<p style=\"text-align: justify;\"><span style=\"font-family: helvetica, arial, sans-serif; font-size: 18px;\">Para esas personas que mantienen la oficina en movimiento con su eficiencia, dedicaci\u00f3n y habilidad para resolver problemas, esta fue una oportunidad de consentirse. Como parte de la celebraci\u00f3n, se atendi\u00f3 a 112 personas.<\/span><\/p>\n<p>&nbsp;<\/p>\n<p><img loading=\"lazy\" decoding=\"async\" class=\"aligncenter wp-image-67292 \" src=\"https:\/\/inces.gob.ve\/wp-content\/uploads\/2025\/10\/DSC_9057-scaled-e1759518528204.jpg\" alt=\"\" width=\"809\" height=\"485\" srcset=\"https:\/\/inces.gob.ve\/wp-content\/uploads\/2025\/10\/DSC_9057-scaled-e1759518528204.jpg 2556w, https:\/\/inces.gob.ve\/wp-content\/uploads\/2025\/10\/DSC_9057-scaled-e1759518528204-300x180.jpg 300w, https:\/\/inces.gob.ve\/wp-content\/uploads\/2025\/10\/DSC_9057-scaled-e1759518528204-1024x614.jpg 1024w, https:\/\/inces.gob.ve\/wp-content\/uploads\/2025\/10\/DSC_9057-scaled-e1759518528204-768x460.jpg 768w, https:\/\/inces.gob.ve\/wp-content\/uploads\/2025\/10\/DSC_9057-scaled-e1759518528204-1536x921.jpg 1536w, https:\/\/inces.gob.ve\/wp-content\/uploads\/2025\/10\/DSC_9057-scaled-e1759518528204-2048x1228.jpg 2048w\" sizes=\"auto, (max-width: 809px) 100vw, 809px\" \/><\/p>\n<p style=\"text-align: justify;\"><span style=\"font-family: helvetica, arial, sans-serif; font-size: 18px;\">La Gerencia General de Talento Humano, ubicada en el piso seis del edificio sede del Inces, fue la organizadora de la jornada, que fue coordinada por la gerencia de L\u00ednea de Bienestar Social y el Centro de Formaci\u00f3n Socialista \u201cLuis Beltr\u00e1n Prieto Figueroa\u201d del Distrito Capital. Los servicios fueron realizados por participantes de las unidades curriculares de peluquer\u00eda, barber\u00eda y manicura.<\/span><\/p>\n<p>&nbsp;<\/p>\n<p><img loading=\"lazy\" decoding=\"async\" class=\"aligncenter wp-image-67290 size-full\" src=\"https:\/\/inces.gob.ve\/wp-content\/uploads\/2025\/10\/DSC_9028-scaled-e1759518619629.jpg\" alt=\"\" width=\"800\" height=\"577\" \/><\/p>\n<p style=\"text-align: justify;\"><span style=\"font-family: helvetica, arial, sans-serif; font-size: 18px;\">La trabajadora Leslie Rivero, quien se desempe\u00f1a en la Gerencia General de Talento Humano, explic\u00f3: \u201cMe desempe\u00f1o como apoyo en la Gerencia General y estoy muy contenta con la celebraci\u00f3n del D\u00eda de la Secretaria. Me siento verdaderamente identificada con el Inces. Le agradezco a la instituci\u00f3n por la oportunidad que me ha dado de ser parte de su personal, porque ha sido mi escuela por el aprendizaje que he obtenido como secretaria. Pero, en realidad, mis funciones abarcan cualquier actividad para la que me necesiten en la instituci\u00f3n, o en este caso, en la gerencia\u201d.<\/span><\/p>\n<p>&nbsp;<\/p>\n<p><img loading=\"lazy\" decoding=\"async\" class=\"aligncenter wp-image-67288 size-full\" src=\"https:\/\/inces.gob.ve\/wp-content\/uploads\/2025\/10\/DSC_9050-scaled-e1759518733637.jpg\" alt=\"\" width=\"800\" height=\"536\" \/><\/p>\n<p style=\"text-align: justify;\"><span style=\"font-family: helvetica, arial, sans-serif; font-size: 18px;\">Por otra parte, G\u00e9nesis Perna expres\u00f3 su agradecimiento al Inces por los conocimientos adquiridos durante su tiempo en la instituci\u00f3n: \u201cYo vine a trabajar, pero resulta que me he enamorado de las funciones que desarrollo dentro del ente formativo. Muchas felicidades a mis colegas secretarias\u201d.<\/span><\/p>\n<p>&nbsp;<\/p>\n<p><img loading=\"lazy\" decoding=\"async\" class=\"aligncenter wp-image-67287 size-full\" src=\"https:\/\/inces.gob.ve\/wp-content\/uploads\/2025\/10\/DSC_9055-scaled-e1759518809904.jpg\" alt=\"\" width=\"800\" height=\"536\" \/><\/p>\n","protected":false},"excerpt":{"rendered":"<p>\u00a1Hoy celebramos a quienes mantienen la oficina en movimiento. Feliz D\u00eda de la Secretaria! Agradecemos tu compromiso y disposici\u00f3n para ayudar. \u00a1Eres una estrella que brilla en todo momento!<\/p>\n","protected":false},"author":15,"featured_media":67293,"comment_status":"closed","ping_status":"closed","sticky":false,"template":"","format":"standard","meta":{"footnotes":""},"categories":[2],"tags":[],"class_list":["post-67243","post","type-post","status-publish","format-standard","has-post-thumbnail","hentry","category-blog"],"_links":{"self":[{"href":"https:\/\/inces.gob.ve\/index.php\/wp-json\/wp\/v2\/posts\/67243","targetHints":{"allow":["GET"]}}],"collection":[{"href":"https:\/\/inces.gob.ve\/index.php\/wp-json\/wp\/v2\/posts"}],"about":[{"href":"https:\/\/inces.gob.ve\/index.php\/wp-json\/wp\/v2\/types\/post"}],"author":[{"embeddable":true,"href":"https:\/\/inces.gob.ve\/index.php\/wp-json\/wp\/v2\/users\/15"}],"replies":[{"embeddable":true,"href":"https:\/\/inces.gob.ve\/index.php\/wp-json\/wp\/v2\/comments?post=67243"}],"version-history":[{"count":2,"href":"https:\/\/inces.gob.ve\/index.php\/wp-json\/wp\/v2\/posts\/67243\/revisions"}],"predecessor-version":[{"id":67294,"href":"https:\/\/inces.gob.ve\/index.php\/wp-json\/wp\/v2\/posts\/67243\/revisions\/67294"}],"wp:featuredmedia":[{"embeddable":true,"href":"https:\/\/inces.gob.ve\/index.php\/wp-json\/wp\/v2\/media\/67293"}],"wp:attachment":[{"href":"https:\/\/inces.gob.ve\/index.php\/wp-json\/wp\/v2\/media?parent=67243"}],"wp:term":[{"taxonomy":"category","embeddable":true,"href":"https:\/\/inces.gob.ve\/index.php\/wp-json\/wp\/v2\/categories?post=67243"},{"taxonomy":"post_tag","embeddable":true,"href":"https:\/\/inces.gob.ve\/index.php\/wp-json\/wp\/v2\/tags?post=67243"}],"curies":[{"name":"wp","href":"https:\/\/api.w.org\/{rel}","templated":true}]}}