{"id":67278,"date":"2025-05-28T18:02:20","date_gmt":"2025-05-28T22:02:20","guid":{"rendered":"https:\/\/inces.gob.ve\/?p=67278"},"modified":"2025-10-02T18:04:47","modified_gmt":"2025-10-02T22:04:47","slug":"guarico-el-inces-lanza-formacion-de-entrenador-deportivo-en-disciplinas-simplificadas","status":"publish","type":"post","link":"https:\/\/inces.gob.ve\/index.php\/2025\/05\/28\/guarico-el-inces-lanza-formacion-de-entrenador-deportivo-en-disciplinas-simplificadas\/","title":{"rendered":"GU\u00c1RICO | El Inces lanza formaci\u00f3n de Entrenador Deportivo en Disciplinas Simplificadas"},"content":{"rendered":"<p style=\"text-align: justify;\"><span style=\"font-family: helvetica, arial, sans-serif; font-size: 18px;\"><strong><em>** <\/em><\/strong><em>Maestros de educaci\u00f3n f\u00edsica y profesionales vinculados al campo del deporte en el estado Gu\u00e1rico se capacitar\u00e1n en nuevas modalidades deportivas simplificadas<\/em><\/span><!--more--><\/p>\n<p style=\"text-align: justify;\"><span style=\"font-family: helvetica, arial, sans-serif; font-size: 18px;\"><strong>MAR\u00cdA SANTIAGO<\/strong><\/span><\/p>\n<p style=\"text-align: justify;\"><span style=\"font-family: helvetica, arial, sans-serif; font-size: 18px;\">El Instituto Nacional de Capacitaci\u00f3n y Educaci\u00f3n Socialista (Inces) se realiz\u00f3 el lanzamiento del Plan Nacional de Formaci\u00f3n del Perfil Productivo \u00abEntrenador Deportivo en Disciplinas Simplificadas\u00bb, dirigido a maestros de educaci\u00f3n f\u00edsica y profesionales vinculados al campo del deporte en el estado Gu\u00e1rico. Este programa formativo abarcar\u00e1 nuevas modalidades deportivas como bal\u00f3n mano, b\u00e9isbol five, f\u00fatbol 3&#215;3, baile deportivo y baloncesto 3&#215;3.<\/span><\/p>\n<p style=\"text-align: justify;\"><span style=\"font-family: helvetica, arial, sans-serif; font-size: 18px;\">La formaci\u00f3n se llevar\u00e1 a cabo durante dos semanas e incluir\u00e1 momentos te\u00f3ricos y pr\u00e1cticos, garantizando que los participantes adquieran las competencias necesarias para desempe\u00f1arse como entrenadores en estas disciplinas. La capacitaci\u00f3n est\u00e1 dise\u00f1ada para fortalecer las habilidades de los educadores y fomentar el desarrollo del deporte en la regi\u00f3n, aline\u00e1ndose con los objetivos del Inces de promover una educaci\u00f3n integral y de calidad.<\/span><\/p>\n<p style=\"text-align: justify;\"><span style=\"font-family: helvetica, arial, sans-serif; font-size: 18px;\">El Coordinador de Educaci\u00f3n F\u00edsica y Deporte del Centro de Desarrollo para la Calidad Educativa (CDCE) del estado Gu\u00e1rico, Daniel Cani, expres\u00f3 su entusiasmo por esta iniciativa: \u201cEste plan no solo dotar\u00e1 a nuestros maestros de herramientas actualizadas para ense\u00f1ar nuevas modalidades deportivas, sino que tambi\u00e9n contribuir\u00e1 al desarrollo integral de nuestros j\u00f3venes. La formaci\u00f3n pr\u00e1ctica y te\u00f3rica que recibir\u00e1n les permitir\u00e1 implementar estrategias innovadoras en sus clases\u201d.<\/span><\/p>\n<p style=\"text-align: justify;\"><span style=\"font-family: helvetica, arial, sans-serif; font-size: 18px;\">Por su parte, Danixa Ram\u00edrez, responsable de Cultura y Deporte del Inces, destac\u00f3 la importancia del aval que recibir\u00e1n los participantes: \u201cLos certificados otorgados por el Inces no solo validar\u00e1n la formaci\u00f3n recibida, sino que tambi\u00e9n abrir\u00e1n puertas a nuevas oportunidades laborales en el \u00e1mbito deportivo. Estamos comprometidos con la formaci\u00f3n continua y la profesionalizaci\u00f3n del talento humano en nuestra regi\u00f3n\u201d.<\/span><\/p>\n<p style=\"text-align: justify;\"><span style=\"font-family: helvetica, arial, sans-serif; font-size: 18px;\">Los interesados en participar en este programa formativo pueden comunicarse con las oficinas regionales o a trav\u00e9s del instagram @inces_guarico para obtener m\u00e1s informaci\u00f3n sobre el proceso de inscripci\u00f3n y los requisitos necesarios.<\/span><\/p>\n<p style=\"text-align: justify;\"><span style=\"font-family: helvetica, arial, sans-serif; font-size: 18px;\">El Inces reafirma su compromiso con la educaci\u00f3n y el deporte, promoviendo iniciativas que impulsen el desarrollo personal y profesional de quienes se dedican a formar a las futuras generaciones.<\/span><\/p>\n","protected":false},"excerpt":{"rendered":"<p>** Maestros de educaci\u00f3n f\u00edsica y profesionales vinculados al campo del deporte en el estado Gu\u00e1rico se capacitar\u00e1n en nuevas modalidades deportivas simplificadas<\/p>\n","protected":false},"author":4,"featured_media":64818,"comment_status":"closed","ping_status":"closed","sticky":false,"template":"","format":"standard","meta":{"footnotes":""},"categories":[2],"tags":[],"class_list":["post-67278","post","type-post","status-publish","format-standard","has-post-thumbnail","hentry","category-blog"],"_links":{"self":[{"href":"https:\/\/inces.gob.ve\/index.php\/wp-json\/wp\/v2\/posts\/67278","targetHints":{"allow":["GET"]}}],"collection":[{"href":"https:\/\/inces.gob.ve\/index.php\/wp-json\/wp\/v2\/posts"}],"about":[{"href":"https:\/\/inces.gob.ve\/index.php\/wp-json\/wp\/v2\/types\/post"}],"author":[{"embeddable":true,"href":"https:\/\/inces.gob.ve\/index.php\/wp-json\/wp\/v2\/users\/4"}],"replies":[{"embeddable":true,"href":"https:\/\/inces.gob.ve\/index.php\/wp-json\/wp\/v2\/comments?post=67278"}],"version-history":[{"count":2,"href":"https:\/\/inces.gob.ve\/index.php\/wp-json\/wp\/v2\/posts\/67278\/revisions"}],"predecessor-version":[{"id":67280,"href":"https:\/\/inces.gob.ve\/index.php\/wp-json\/wp\/v2\/posts\/67278\/revisions\/67280"}],"wp:featuredmedia":[{"embeddable":true,"href":"https:\/\/inces.gob.ve\/index.php\/wp-json\/wp\/v2\/media\/64818"}],"wp:attachment":[{"href":"https:\/\/inces.gob.ve\/index.php\/wp-json\/wp\/v2\/media?parent=67278"}],"wp:term":[{"taxonomy":"category","embeddable":true,"href":"https:\/\/inces.gob.ve\/index.php\/wp-json\/wp\/v2\/categories?post=67278"},{"taxonomy":"post_tag","embeddable":true,"href":"https:\/\/inces.gob.ve\/index.php\/wp-json\/wp\/v2\/tags?post=67278"}],"curies":[{"name":"wp","href":"https:\/\/api.w.org\/{rel}","templated":true}]}}