{"id":67360,"date":"2025-10-06T14:34:03","date_gmt":"2025-10-06T18:34:03","guid":{"rendered":"https:\/\/inces.gob.ve\/?p=67360"},"modified":"2025-10-06T14:41:28","modified_gmt":"2025-10-06T18:41:28","slug":"merida-cfs-la-azulita-reinauguro-cancha-deportiva","status":"publish","type":"post","link":"https:\/\/inces.gob.ve\/index.php\/2025\/10\/06\/merida-cfs-la-azulita-reinauguro-cancha-deportiva\/","title":{"rendered":"M\u00c9RIDA | CFS La Azulita reinaugur\u00f3 cancha deportiva"},"content":{"rendered":"<p style=\"text-align: justify;\"><span style=\"font-family: helvetica, arial, sans-serif; font-size: 18px;\"><strong><em>**Con las recientes reparaciones, acondicionamiento y pintura, la cancha se convierte en un espacio para el disfrute de trabajadores, estudiantes y comunidades aleda\u00f1as<\/em><\/strong><!--more--><\/span><\/p>\n<p>&nbsp;<\/p>\n<p style=\"text-align: justify;\"><span style=\"font-family: helvetica, arial, sans-serif; font-size: 18px;\">Gracias al trabajo mancomunado entre la gerencia general de Producci\u00f3n y Encadenamiento Productivo del Inces y el aporte de los trabajadores del Centro de Formaci\u00f3n Socialista Agr\u00edcola (CFS) La Azulita, se desarroll\u00f3 la reparaci\u00f3n de la cancha deportiva de esta instituci\u00f3n.<\/span><\/p>\n<p>&nbsp;<\/p>\n<p style=\"text-align: justify;\"><span style=\"font-family: helvetica, arial, sans-serif; font-size: 18px;\"><img loading=\"lazy\" decoding=\"async\" class=\"aligncenter wp-image-67366 size-full\" src=\"https:\/\/inces.gob.ve\/wp-content\/uploads\/2025\/10\/CANCHA-3-e1759775385657.jpg\" alt=\"\" width=\"800\" height=\"425\" \/><\/span><\/p>\n<p style=\"text-align: justify;\"><span style=\"font-family: helvetica, arial, sans-serif; font-size: 18px;\">As\u00ed lo inform\u00f3 la gerente regional del Inces-M\u00e9rida, Camila Moros, quien estuvo acompa\u00f1ada por el gerente de Producci\u00f3n y Encadenamiento Productivo, Douglas P\u00e9rez, durante una visita al centro de formaci\u00f3n donde se reinaugur\u00f3 la cancha con la presencia del alcalde del municipio Andr\u00e9s Bello, Carlos Rosales; trabajadores, estudiantes y ni\u00f1os de la comunidad de la Aldea Agra Blanca.<\/span><\/p>\n<p>&nbsp;<\/p>\n<p style=\"text-align: justify;\"><span style=\"font-family: helvetica, arial, sans-serif; font-size: 18px;\"><img loading=\"lazy\" decoding=\"async\" class=\"aligncenter wp-image-67365 size-full\" src=\"https:\/\/inces.gob.ve\/wp-content\/uploads\/2025\/10\/CANCHA-4-e1759775439135.jpg\" alt=\"\" width=\"890\" height=\"590\" srcset=\"https:\/\/inces.gob.ve\/wp-content\/uploads\/2025\/10\/CANCHA-4-e1759775439135.jpg 890w, https:\/\/inces.gob.ve\/wp-content\/uploads\/2025\/10\/CANCHA-4-e1759775439135-300x199.jpg 300w, https:\/\/inces.gob.ve\/wp-content\/uploads\/2025\/10\/CANCHA-4-e1759775439135-768x509.jpg 768w\" sizes=\"auto, (max-width: 890px) 100vw, 890px\" \/><\/span><\/p>\n<p style=\"text-align: justify;\"><span style=\"font-family: helvetica, arial, sans-serif; font-size: 18px;\">Destac\u00f3 que los trabajos de reparaci\u00f3n consistieron en arreglar grietas, nivelar superficies y aplicar nuevos revestimientos y selladores para restaurar su funcionalidad y est\u00e9tica, adem\u00e1s de la pintura que demarca las l\u00edneas correspondientes a diferentes disciplinas deportivas como f\u00fatbol, voleibol y baloncesto, entre otros.<\/span><\/p>\n<p>&nbsp;<\/p>\n<p style=\"text-align: justify;\"><span style=\"font-family: helvetica, arial, sans-serif; font-size: 18px;\"><img loading=\"lazy\" decoding=\"async\" class=\"aligncenter wp-image-67364 size-full\" src=\"https:\/\/inces.gob.ve\/wp-content\/uploads\/2025\/10\/CANCHA-5-e1759775486471.jpg\" alt=\"\" width=\"800\" height=\"465\" \/><\/span><\/p>\n<p style=\"text-align: justify;\"><span style=\"font-family: helvetica, arial, sans-serif; font-size: 18px;\">El momento fue propicio para que las autoridades nacional, regional y local entregaran certificados a los trabajadores del CFS La Azulita correspondientes a las formaciones que han desarrollado en los \u00faltimos meses del perfil productivo de operador de granjas integrales.<\/span><\/p>\n<p>&nbsp;<\/p>\n<p style=\"text-align: justify;\"><span style=\"font-family: helvetica, arial, sans-serif; font-size: 18px;\"><img loading=\"lazy\" decoding=\"async\" class=\"aligncenter wp-image-67363 size-full\" src=\"https:\/\/inces.gob.ve\/wp-content\/uploads\/2025\/10\/CANCHA-6-e1759775530302.jpg\" alt=\"\" width=\"700\" height=\"677\" \/><\/span><\/p>\n<p style=\"text-align: justify;\"><span style=\"font-family: helvetica, arial, sans-serif; font-size: 18px;\">Prensa\/Inces-M\u00e9rida (01-10-2025).<\/span><\/p>\n","protected":false},"excerpt":{"rendered":"<p>**Con las recientes reparaciones, acondicionamiento y pintura, la cancha se convierte en un espacio para el disfrute de trabajadores, estudiantes y comunidades aleda\u00f1as<\/p>\n","protected":false},"author":15,"featured_media":67367,"comment_status":"closed","ping_status":"closed","sticky":false,"template":"","format":"standard","meta":{"footnotes":""},"categories":[2],"tags":[],"class_list":["post-67360","post","type-post","status-publish","format-standard","has-post-thumbnail","hentry","category-blog"],"_links":{"self":[{"href":"https:\/\/inces.gob.ve\/index.php\/wp-json\/wp\/v2\/posts\/67360","targetHints":{"allow":["GET"]}}],"collection":[{"href":"https:\/\/inces.gob.ve\/index.php\/wp-json\/wp\/v2\/posts"}],"about":[{"href":"https:\/\/inces.gob.ve\/index.php\/wp-json\/wp\/v2\/types\/post"}],"author":[{"embeddable":true,"href":"https:\/\/inces.gob.ve\/index.php\/wp-json\/wp\/v2\/users\/15"}],"replies":[{"embeddable":true,"href":"https:\/\/inces.gob.ve\/index.php\/wp-json\/wp\/v2\/comments?post=67360"}],"version-history":[{"count":3,"href":"https:\/\/inces.gob.ve\/index.php\/wp-json\/wp\/v2\/posts\/67360\/revisions"}],"predecessor-version":[{"id":67370,"href":"https:\/\/inces.gob.ve\/index.php\/wp-json\/wp\/v2\/posts\/67360\/revisions\/67370"}],"wp:featuredmedia":[{"embeddable":true,"href":"https:\/\/inces.gob.ve\/index.php\/wp-json\/wp\/v2\/media\/67367"}],"wp:attachment":[{"href":"https:\/\/inces.gob.ve\/index.php\/wp-json\/wp\/v2\/media?parent=67360"}],"wp:term":[{"taxonomy":"category","embeddable":true,"href":"https:\/\/inces.gob.ve\/index.php\/wp-json\/wp\/v2\/categories?post=67360"},{"taxonomy":"post_tag","embeddable":true,"href":"https:\/\/inces.gob.ve\/index.php\/wp-json\/wp\/v2\/tags?post=67360"}],"curies":[{"name":"wp","href":"https:\/\/api.w.org\/{rel}","templated":true}]}}