{"id":67371,"date":"2025-10-06T15:03:18","date_gmt":"2025-10-06T19:03:18","guid":{"rendered":"https:\/\/inces.gob.ve\/?p=67371"},"modified":"2025-10-06T15:21:32","modified_gmt":"2025-10-06T19:21:32","slug":"cojedes-inces-continua-con-el-proceso-de-inscripciones-para-bachillerato-productivo","status":"publish","type":"post","link":"https:\/\/inces.gob.ve\/index.php\/2025\/10\/06\/cojedes-inces-continua-con-el-proceso-de-inscripciones-para-bachillerato-productivo\/","title":{"rendered":"COJEDES | Inces contin\u00faa con el proceso de inscripciones para bachillerato productivo"},"content":{"rendered":"<p style=\"text-align: justify;\"><span style=\"font-family: helvetica, arial, sans-serif; font-size: 18px;\"><strong><em>** El programa garantiza la prosecuci\u00f3n de estudios a j\u00f3venes y adultos mayores de 15 a\u00f1os<\/em><\/strong><!--more--><\/span><\/p>\n<p>&nbsp;<\/p>\n<p style=\"text-align: justify;\"><span style=\"font-family: helvetica, arial, sans-serif; font-size: 18px;\">La coordinaci\u00f3n del programa Bachillerato Productivo del Instituto Nacional de Capacitaci\u00f3n y Educaci\u00f3n Socialista (Inces) informa a la comunidad en general que a\u00fan est\u00e1n abiertas las inscripciones para las personas que desean culminar estudios de bachillerato bajo la modalidad de educaci\u00f3n para adultos. El proceso de inscripci\u00f3n se realiza en el Centro de Formaci\u00f3n Socialista \u00abArgimiro Gabald\u00f3n\u00bb, en San Carlos.<\/span><\/p>\n<p>&nbsp;<\/p>\n<p style=\"text-align: justify;\"><span style=\"font-family: helvetica, arial, sans-serif; font-size: 18px;\">El programa cuenta con tres n\u00facleos en el municipio Tinaquillo: en la sede del Centro de Formaci\u00f3n Socialista \u00abBatalla Taguanes\u00bb; en Tinaco, en la escuela Creaci\u00f3n del sector Corozal; y en San Carlos, en la Escuela de Talento Luis Paisa Salcedo. La coordinaci\u00f3n del bachillerato productivo se encuentra en el CFS Argimiro Gabald\u00f3n, donde un equipo interdisciplinario est\u00e1 disponible para brindar informaci\u00f3n y formalizar las inscripciones.<\/span><\/p>\n<p>&nbsp;<\/p>\n<p style=\"text-align: justify;\"><span style=\"font-family: helvetica, arial, sans-serif; font-size: 18px;\">Este programa educativo est\u00e1 garantizado por el Ministerio del Poder Popular para la Educaci\u00f3n. Adicionalmente, los estudiantes recibir\u00e1n formaci\u00f3n en un perfil productivo a trav\u00e9s del desarrollo de unidades curriculares y seminarios, lo que les permitir\u00e1 obtener competencias y habilidades para desarrollar emprendimientos socioproductivos o insertarse en el mundo laboral, inform\u00f3 el coordinador del programa, Jos\u00e9 Matutte.<\/span><\/p>\n<p>&nbsp;<\/p>\n<p style=\"text-align: justify;\"><span style=\"font-family: helvetica, arial, sans-serif; font-size: 18px;\">Los requisitos son: ser mayor de 15 a\u00f1os, presentar certificado de aprobaci\u00f3n de sexto grado, notas certificadas, original y copia de la partida de nacimiento y de la c\u00e9dula de identidad, as\u00ed como tener al menos un a\u00f1o de desvinculaci\u00f3n del sistema regular de educaci\u00f3n. Se recibir\u00e1n los recaudos hasta el venidero 12 de septiembre.<\/span><\/p>\n","protected":false},"excerpt":{"rendered":"<p>** El programa garantiza la prosecuci\u00f3n de estudios a j\u00f3venes y adultos mayores de 15 a\u00f1os<\/p>\n","protected":false},"author":15,"featured_media":64815,"comment_status":"closed","ping_status":"closed","sticky":false,"template":"","format":"standard","meta":{"footnotes":""},"categories":[2],"tags":[],"class_list":["post-67371","post","type-post","status-publish","format-standard","has-post-thumbnail","hentry","category-blog"],"_links":{"self":[{"href":"https:\/\/inces.gob.ve\/index.php\/wp-json\/wp\/v2\/posts\/67371","targetHints":{"allow":["GET"]}}],"collection":[{"href":"https:\/\/inces.gob.ve\/index.php\/wp-json\/wp\/v2\/posts"}],"about":[{"href":"https:\/\/inces.gob.ve\/index.php\/wp-json\/wp\/v2\/types\/post"}],"author":[{"embeddable":true,"href":"https:\/\/inces.gob.ve\/index.php\/wp-json\/wp\/v2\/users\/15"}],"replies":[{"embeddable":true,"href":"https:\/\/inces.gob.ve\/index.php\/wp-json\/wp\/v2\/comments?post=67371"}],"version-history":[{"count":1,"href":"https:\/\/inces.gob.ve\/index.php\/wp-json\/wp\/v2\/posts\/67371\/revisions"}],"predecessor-version":[{"id":67372,"href":"https:\/\/inces.gob.ve\/index.php\/wp-json\/wp\/v2\/posts\/67371\/revisions\/67372"}],"wp:featuredmedia":[{"embeddable":true,"href":"https:\/\/inces.gob.ve\/index.php\/wp-json\/wp\/v2\/media\/64815"}],"wp:attachment":[{"href":"https:\/\/inces.gob.ve\/index.php\/wp-json\/wp\/v2\/media?parent=67371"}],"wp:term":[{"taxonomy":"category","embeddable":true,"href":"https:\/\/inces.gob.ve\/index.php\/wp-json\/wp\/v2\/categories?post=67371"},{"taxonomy":"post_tag","embeddable":true,"href":"https:\/\/inces.gob.ve\/index.php\/wp-json\/wp\/v2\/tags?post=67371"}],"curies":[{"name":"wp","href":"https:\/\/api.w.org\/{rel}","templated":true}]}}