{"id":67397,"date":"2025-10-07T08:29:58","date_gmt":"2025-10-07T12:29:58","guid":{"rendered":"https:\/\/inces.gob.ve\/?p=67397"},"modified":"2025-10-07T08:29:58","modified_gmt":"2025-10-07T12:29:58","slug":"coro-liceo-inces-falcon-inicio-ano-escolar-2025-2026-con-275-estudiantes","status":"publish","type":"post","link":"https:\/\/inces.gob.ve\/index.php\/2025\/10\/07\/coro-liceo-inces-falcon-inicio-ano-escolar-2025-2026-con-275-estudiantes\/","title":{"rendered":"CORO | Liceo Inces Falc\u00f3n inici\u00f3 a\u00f1o escolar 2025-2026 con 275 estudiantes"},"content":{"rendered":"<p class=\"ds-markdown-paragraph\" style=\"text-align: justify;\"><strong><span style=\"font-family: helvetica, arial, sans-serif; font-size: 18px;\"><em>** El arranque formativo se realiza dando cumplimiento a las orientaciones del Ministerio del Poder Popular para la Educaci\u00f3n<\/em><\/span><\/strong><!--more--><\/p>\n<p>&nbsp;<\/p>\n<p>&nbsp;<\/p>\n<p class=\"ds-markdown-paragraph\" style=\"text-align: justify;\"><span style=\"font-family: helvetica, arial, sans-serif; font-size: 18px;\"><strong>Miriam Gonz\u00e1lez Villarroel<\/strong><\/span><\/p>\n<p class=\"ds-markdown-paragraph\" style=\"text-align: justify;\"><span style=\"font-family: helvetica, arial, sans-serif; font-size: 18px;\">Con una jornada c\u00edvica en las instalaciones del Instituto Nacional de Capacitaci\u00f3n y Educaci\u00f3n Socialista (Inces) en la ciudad de Santa Ana de Coro, un total de 275 estudiantes dieron inicio al a\u00f1o escolar 2025-2026 en el Liceo Inces Falc\u00f3n, de los cuales 137 son alumnos de prosecuci\u00f3n y 138 nuevos ingresos, quienes se incorporan a los diferentes per\u00edodos acad\u00e9micos.<\/span><\/p>\n<p>&nbsp;<\/p>\n<p class=\"ds-markdown-paragraph\" style=\"text-align: justify;\"><span style=\"font-family: helvetica, arial, sans-serif; font-size: 18px;\">Durante la bienvenida, la directora del liceo, Masly Espinoza, acompa\u00f1ada por los maestros, dijo a los estudiantes: \u00abEste a\u00f1o, como todos los a\u00f1os, el Liceo Inces Falc\u00f3n se enfoca en reforzar la formaci\u00f3n integral de los estudiantes\u00bb.<\/span><\/p>\n<p>&nbsp;<\/p>\n<p class=\"ds-markdown-paragraph\" style=\"text-align: justify;\"><span style=\"font-family: helvetica, arial, sans-serif; font-size: 18px;\">Se\u00f1al\u00f3 que es importante destacar que este nutrido grupo de j\u00f3venes proviene de varios municipios de la geograf\u00eda falconiana y protagoniza el inicio del per\u00edodo escolar 2025-2026 de acuerdo con las orientaciones del Ministerio del Poder Popular para la Educaci\u00f3n (MPPPE) y del presidente del Inces, Wuikelman \u00c1ngel Paredes, de abrir los espacios educativos para el comienzo de clases de forma presencial.<\/span><\/p>\n<p>&nbsp;<\/p>\n<p class=\"ds-markdown-paragraph\" style=\"text-align: justify;\"><span style=\"font-family: helvetica, arial, sans-serif; font-size: 18px;\">Hizo referencia a los procesos sobre la modalidad de estudios de j\u00f3venes, adultos y adultas que contemplan cuatro componentes educativos, los cuales se ir\u00e1n desarrollando durante los per\u00edodos de formaci\u00f3n: el b\u00e1sico, donde el estudiante aprende las \u00e1reas de formaci\u00f3n, tales como lenguaje, cultura, comunicaci\u00f3n, matem\u00e1tica, ciencias naturales, memoria, territorio y ciudadan\u00eda.<\/span><\/p>\n<p>&nbsp;<\/p>\n<p class=\"ds-markdown-paragraph\" style=\"text-align: justify;\"><span style=\"font-family: helvetica, arial, sans-serif; font-size: 18px;\">De igual forma, los componentes de idiomas; participaci\u00f3n e integraci\u00f3n comunitaria, que contempla actividades que favorecen la integraci\u00f3n de los j\u00f3venes en los entornos social, cultural y deportivo; y el laboral, que tiene vinculaci\u00f3n con los otros programas formativos del Inces y determinar\u00e1 el perfil productivo laboral del bachiller.<\/span><\/p>\n<p>&nbsp;<\/p>\n<p class=\"ds-markdown-paragraph\" style=\"text-align: justify;\"><span style=\"font-family: helvetica, arial, sans-serif; font-size: 18px;\">Espinoza tambi\u00e9n explic\u00f3 la metodolog\u00eda de estudio, las normativas sobre el uniforme escolar y los deberes y derechos tanto de los alumnos como de los padres y representantes.<\/span><\/p>\n","protected":false},"excerpt":{"rendered":"<p>** El arranque formativo se realiza dando cumplimiento a las orientaciones del Ministerio del Poder Popular para la Educaci\u00f3n<\/p>\n","protected":false},"author":4,"featured_media":67398,"comment_status":"closed","ping_status":"closed","sticky":false,"template":"","format":"standard","meta":{"footnotes":""},"categories":[2],"tags":[],"class_list":["post-67397","post","type-post","status-publish","format-standard","has-post-thumbnail","hentry","category-blog"],"_links":{"self":[{"href":"https:\/\/inces.gob.ve\/index.php\/wp-json\/wp\/v2\/posts\/67397","targetHints":{"allow":["GET"]}}],"collection":[{"href":"https:\/\/inces.gob.ve\/index.php\/wp-json\/wp\/v2\/posts"}],"about":[{"href":"https:\/\/inces.gob.ve\/index.php\/wp-json\/wp\/v2\/types\/post"}],"author":[{"embeddable":true,"href":"https:\/\/inces.gob.ve\/index.php\/wp-json\/wp\/v2\/users\/4"}],"replies":[{"embeddable":true,"href":"https:\/\/inces.gob.ve\/index.php\/wp-json\/wp\/v2\/comments?post=67397"}],"version-history":[{"count":1,"href":"https:\/\/inces.gob.ve\/index.php\/wp-json\/wp\/v2\/posts\/67397\/revisions"}],"predecessor-version":[{"id":67399,"href":"https:\/\/inces.gob.ve\/index.php\/wp-json\/wp\/v2\/posts\/67397\/revisions\/67399"}],"wp:featuredmedia":[{"embeddable":true,"href":"https:\/\/inces.gob.ve\/index.php\/wp-json\/wp\/v2\/media\/67398"}],"wp:attachment":[{"href":"https:\/\/inces.gob.ve\/index.php\/wp-json\/wp\/v2\/media?parent=67397"}],"wp:term":[{"taxonomy":"category","embeddable":true,"href":"https:\/\/inces.gob.ve\/index.php\/wp-json\/wp\/v2\/categories?post=67397"},{"taxonomy":"post_tag","embeddable":true,"href":"https:\/\/inces.gob.ve\/index.php\/wp-json\/wp\/v2\/tags?post=67397"}],"curies":[{"name":"wp","href":"https:\/\/api.w.org\/{rel}","templated":true}]}}