{"id":67406,"date":"2025-10-07T08:37:56","date_gmt":"2025-10-07T12:37:56","guid":{"rendered":"https:\/\/inces.gob.ve\/?p=67406"},"modified":"2025-10-07T08:37:56","modified_gmt":"2025-10-07T12:37:56","slug":"sucre-formacion-en-generalidades-de-la-granja-en-el-cfs-construccion","status":"publish","type":"post","link":"https:\/\/inces.gob.ve\/index.php\/2025\/10\/07\/sucre-formacion-en-generalidades-de-la-granja-en-el-cfs-construccion\/","title":{"rendered":"SUCRE | Formaci\u00f3n en generalidades de la granja en el CFS Construcci\u00f3n"},"content":{"rendered":"<p class=\"ds-markdown-paragraph\"><span style=\"font-family: helvetica, arial, sans-serif; font-size: 18px;\"><em>** Participantes adquieren herramientas para dise\u00f1ar y gestionar proyectos agr\u00edcolas sostenibles<\/em><\/span><!--more--><\/p>\n<p>&nbsp;<\/p>\n<p class=\"ds-markdown-paragraph\"><span style=\"font-family: helvetica, arial, sans-serif; font-size: 18px;\">Desde las instalaciones del Centro de Formaci\u00f3n Socialista (CFS) Construcci\u00f3n se realiza la formaci\u00f3n Generalidades de la Granja, que ofrece una visi\u00f3n integral y actualizada sobre los fundamentos esenciales para dise\u00f1ar y ejecutar proyectos agr\u00edcolas sostenibles.<\/span><\/p>\n<p>&nbsp;<\/p>\n<p class=\"ds-markdown-paragraph\"><span style=\"font-family: helvetica, arial, sans-serif; font-size: 18px;\">La capacitaci\u00f3n es guiada por el facilitador Yonni Moreno, quien combina conceptos te\u00f3ricos con ejemplos pr\u00e1cticos que ilustran c\u00f3mo aplicar las mejores pr\u00e1cticas en la planificaci\u00f3n, gesti\u00f3n del agua y optimizaci\u00f3n de recursos en una granja moderna.<\/span><\/p>\n<p>&nbsp;<\/p>\n<p class=\"ds-markdown-paragraph\"><span style=\"font-family: helvetica, arial, sans-serif; font-size: 18px;\">Actualmente, esta formaci\u00f3n cuenta con 22 participantes, quienes tienen la oportunidad de debatir casos reales, compartir experiencias propias y resolver dudas espec\u00edficas bajo la supervisi\u00f3n experta del ponente. Este enfoque colaborativo refuerza el aprendizaje y fomenta un ambiente de intercambio profesional entre los participantes.<\/span><\/p>\n<p>&nbsp;<\/p>\n<p class=\"ds-markdown-paragraph\"><span style=\"font-family: helvetica, arial, sans-serif; font-size: 18px;\">Los participantes quedan equipados con herramientas metodol\u00f3gicas y un marco conceptual s\u00f3lido para dise\u00f1ar y gestionar granjas eficientes, cumpliendo con las normativas vigentes y maximizando los recursos disponibles.<\/span><\/p>\n","protected":false},"excerpt":{"rendered":"<p>** Participantes adquieren herramientas para dise\u00f1ar y gestionar proyectos agr\u00edcolas sostenibles<\/p>\n","protected":false},"author":4,"featured_media":67407,"comment_status":"closed","ping_status":"closed","sticky":false,"template":"","format":"standard","meta":{"footnotes":""},"categories":[2],"tags":[],"class_list":["post-67406","post","type-post","status-publish","format-standard","has-post-thumbnail","hentry","category-blog"],"_links":{"self":[{"href":"https:\/\/inces.gob.ve\/index.php\/wp-json\/wp\/v2\/posts\/67406","targetHints":{"allow":["GET"]}}],"collection":[{"href":"https:\/\/inces.gob.ve\/index.php\/wp-json\/wp\/v2\/posts"}],"about":[{"href":"https:\/\/inces.gob.ve\/index.php\/wp-json\/wp\/v2\/types\/post"}],"author":[{"embeddable":true,"href":"https:\/\/inces.gob.ve\/index.php\/wp-json\/wp\/v2\/users\/4"}],"replies":[{"embeddable":true,"href":"https:\/\/inces.gob.ve\/index.php\/wp-json\/wp\/v2\/comments?post=67406"}],"version-history":[{"count":1,"href":"https:\/\/inces.gob.ve\/index.php\/wp-json\/wp\/v2\/posts\/67406\/revisions"}],"predecessor-version":[{"id":67408,"href":"https:\/\/inces.gob.ve\/index.php\/wp-json\/wp\/v2\/posts\/67406\/revisions\/67408"}],"wp:featuredmedia":[{"embeddable":true,"href":"https:\/\/inces.gob.ve\/index.php\/wp-json\/wp\/v2\/media\/67407"}],"wp:attachment":[{"href":"https:\/\/inces.gob.ve\/index.php\/wp-json\/wp\/v2\/media?parent=67406"}],"wp:term":[{"taxonomy":"category","embeddable":true,"href":"https:\/\/inces.gob.ve\/index.php\/wp-json\/wp\/v2\/categories?post=67406"},{"taxonomy":"post_tag","embeddable":true,"href":"https:\/\/inces.gob.ve\/index.php\/wp-json\/wp\/v2\/tags?post=67406"}],"curies":[{"name":"wp","href":"https:\/\/api.w.org\/{rel}","templated":true}]}}