{"id":67413,"date":"2025-10-07T17:07:28","date_gmt":"2025-10-07T21:07:28","guid":{"rendered":"https:\/\/inces.gob.ve\/?p=67413"},"modified":"2025-11-11T14:58:49","modified_gmt":"2025-11-11T18:58:49","slug":"inces-participa-en-la-instalaciondel-iii-congreso-nacional-de-seguridad-social-2025-aristobulo-isturiz","status":"publish","type":"post","link":"https:\/\/inces.gob.ve\/index.php\/2025\/10\/07\/inces-participa-en-la-instalaciondel-iii-congreso-nacional-de-seguridad-social-2025-aristobulo-isturiz\/","title":{"rendered":"Inces participa en la instalaci\u00f3ndel III Congreso Nacional de Seguridad Social 2025 Arist\u00f3bulo Ist\u00fariz"},"content":{"rendered":"<p style=\"text-align: justify;\"><em><strong><span style=\"font-family: helvetica, arial, sans-serif; font-size: 18px;\">** El evento, encabezado por el ministro Eduardo Pi\u00f1ate, analizar\u00e1 durante tres d\u00edas la seguridad social universal como desaf\u00edo hist\u00f3rico en la transici\u00f3n al socialismo<\/span><\/strong><\/em><!--more--><\/p>\n<p style=\"text-align: justify;\"><strong><span style=\"font-family: helvetica, arial, sans-serif; font-size: 18px;\">PRENSA INCES<\/span><\/strong><\/p>\n<p style=\"text-align: justify;\"><span style=\"font-family: helvetica, arial, sans-serif; font-size: 18px;\">El Instituto Nacional de Capacitaci\u00f3n y Educaci\u00f3n Socialista (Inces) particip\u00f3 activamente en la instalaci\u00f3n del III Congreso Nacional de Seguridad Social 2025 \u201cArist\u00f3bulo Ist\u00fariz\u201d, un espacio para dialogar sobre la seguridad social universal. La actividad cont\u00f3 con la presencia del presidente del Inces Wuikelman Angel, acompa\u00f1ado por un nutrido grupo de trabajadores.<\/span><\/p>\n<p>&nbsp;<\/p>\n<p style=\"text-align: justify;\"><img loading=\"lazy\" decoding=\"async\" class=\"aligncenter wp-image-67418 size-large\" src=\"https:\/\/inces.gob.ve\/wp-content\/uploads\/2025\/10\/IMG_20251007_165611_427-1024x768.jpg\" alt=\"\" width=\"640\" height=\"480\" srcset=\"https:\/\/inces.gob.ve\/wp-content\/uploads\/2025\/10\/IMG_20251007_165611_427-1024x768.jpg 1024w, https:\/\/inces.gob.ve\/wp-content\/uploads\/2025\/10\/IMG_20251007_165611_427-300x225.jpg 300w, https:\/\/inces.gob.ve\/wp-content\/uploads\/2025\/10\/IMG_20251007_165611_427-768x576.jpg 768w, https:\/\/inces.gob.ve\/wp-content\/uploads\/2025\/10\/IMG_20251007_165611_427-1536x1152.jpg 1536w, https:\/\/inces.gob.ve\/wp-content\/uploads\/2025\/10\/IMG_20251007_165611_427-2048x1536.jpg 2048w, https:\/\/inces.gob.ve\/wp-content\/uploads\/2025\/10\/IMG_20251007_165611_427-136x102.jpg 136w\" sizes=\"auto, (max-width: 640px) 100vw, 640px\" \/><\/p>\n<p style=\"text-align: justify;\"><span style=\"font-family: helvetica, arial, sans-serif; font-size: 18px;\">El acto de instalaci\u00f3n fue presidido por el ministro del Poder Popular para el Proceso Social de Trabajo, Eduardo Pi\u00f1ate; el viceministro Rafael R\u00edos, responsable del congreso; y el ministro de Planificaci\u00f3n, Ricardo Mel\u00e9ndez. Durante los pr\u00f3ximos tres d\u00edas, el evento desarrollar\u00e1 una agenda de charlas con la participaci\u00f3n de todos los organismos adscritos al ministerio.<\/span><\/p>\n<p>&nbsp;<\/p>\n<blockquote><p><img loading=\"lazy\" decoding=\"async\" class=\"aligncenter wp-image-67419 size-large\" src=\"https:\/\/inces.gob.ve\/wp-content\/uploads\/2025\/10\/IMG_20251007_165610_952-1024x768.jpg\" alt=\"\" width=\"640\" height=\"480\" srcset=\"https:\/\/inces.gob.ve\/wp-content\/uploads\/2025\/10\/IMG_20251007_165610_952-1024x768.jpg 1024w, https:\/\/inces.gob.ve\/wp-content\/uploads\/2025\/10\/IMG_20251007_165610_952-300x225.jpg 300w, https:\/\/inces.gob.ve\/wp-content\/uploads\/2025\/10\/IMG_20251007_165610_952-768x576.jpg 768w, https:\/\/inces.gob.ve\/wp-content\/uploads\/2025\/10\/IMG_20251007_165610_952-1536x1152.jpg 1536w, https:\/\/inces.gob.ve\/wp-content\/uploads\/2025\/10\/IMG_20251007_165610_952-2048x1536.jpg 2048w, https:\/\/inces.gob.ve\/wp-content\/uploads\/2025\/10\/IMG_20251007_165610_952-136x102.jpg 136w\" sizes=\"auto, (max-width: 640px) 100vw, 640px\" \/><\/p><\/blockquote>\n<p style=\"text-align: justify;\"><span style=\"font-family: helvetica, arial, sans-serif; font-size: 18px;\">El Inces tendr\u00e1 una participaci\u00f3n especial en el congreso a trav\u00e9s de su presidente, quien expondr\u00e1 sobre la formaci\u00f3n como pilar fundamental dentro del sistema de seguridad social. La intervenci\u00f3n del instituto destacar\u00e1 su rol en la capacitaci\u00f3n de los trabajadores como parte integral del derecho a la protecci\u00f3n social.<\/span><\/p>\n<p style=\"text-align: justify;\">\n","protected":false},"excerpt":{"rendered":"<p>** El evento, encabezado por el ministro Eduardo Pi\u00f1ate, analizar\u00e1 durante tres d\u00edas la seguridad social universal como desaf\u00edo hist\u00f3rico en la transici\u00f3n al socialismo<\/p>\n","protected":false},"author":4,"featured_media":67417,"comment_status":"closed","ping_status":"closed","sticky":false,"template":"","format":"standard","meta":{"footnotes":""},"categories":[2],"tags":[],"class_list":["post-67413","post","type-post","status-publish","format-standard","has-post-thumbnail","hentry","category-blog"],"_links":{"self":[{"href":"https:\/\/inces.gob.ve\/index.php\/wp-json\/wp\/v2\/posts\/67413","targetHints":{"allow":["GET"]}}],"collection":[{"href":"https:\/\/inces.gob.ve\/index.php\/wp-json\/wp\/v2\/posts"}],"about":[{"href":"https:\/\/inces.gob.ve\/index.php\/wp-json\/wp\/v2\/types\/post"}],"author":[{"embeddable":true,"href":"https:\/\/inces.gob.ve\/index.php\/wp-json\/wp\/v2\/users\/4"}],"replies":[{"embeddable":true,"href":"https:\/\/inces.gob.ve\/index.php\/wp-json\/wp\/v2\/comments?post=67413"}],"version-history":[{"count":4,"href":"https:\/\/inces.gob.ve\/index.php\/wp-json\/wp\/v2\/posts\/67413\/revisions"}],"predecessor-version":[{"id":67475,"href":"https:\/\/inces.gob.ve\/index.php\/wp-json\/wp\/v2\/posts\/67413\/revisions\/67475"}],"wp:featuredmedia":[{"embeddable":true,"href":"https:\/\/inces.gob.ve\/index.php\/wp-json\/wp\/v2\/media\/67417"}],"wp:attachment":[{"href":"https:\/\/inces.gob.ve\/index.php\/wp-json\/wp\/v2\/media?parent=67413"}],"wp:term":[{"taxonomy":"category","embeddable":true,"href":"https:\/\/inces.gob.ve\/index.php\/wp-json\/wp\/v2\/categories?post=67413"},{"taxonomy":"post_tag","embeddable":true,"href":"https:\/\/inces.gob.ve\/index.php\/wp-json\/wp\/v2\/tags?post=67413"}],"curies":[{"name":"wp","href":"https:\/\/api.w.org\/{rel}","templated":true}]}}